{"id":3520,"date":"2020-09-22T15:22:09","date_gmt":"2020-09-22T15:22:09","guid":{"rendered":"https:\/\/www.oeirasdopara.pa.gov.br\/?p=3520"},"modified":"2020-10-14T13:05:27","modified_gmt":"2020-10-14T13:05:27","slug":"pregao-presencial-por-srp-no-9-2020-00019-cpl-pmop","status":"publish","type":"post","link":"https:\/\/oeirasdopara.pa.gov.br\/novo\/pregao-presencial-por-srp-no-9-2020-00019-cpl-pmop\/","title":{"rendered":"PREG\u00c3O PRESENCIAL POR SRP N\u00ba 9\/2020-00019-CPL\/PMOP"},"content":{"rendered":"<p><strong>OBJETO:\u00a0<\/strong>CONTRATA\u00c7\u00c3O DE EMPRESA ESPECIALIZADA E APTA PARA PRESTAR SERVI\u00c7OS DE TRANSPORTE ESCOLAR, PARA CONDU\u00c7\u00c3O DOS ALUNOS MATRICULADOS NA REDE MUNICIPAL DE ENSINO, NO \u00c2MBITO DA ZONA URBANA E RURAL DO MUNIC\u00cdPIO DE OEIRAS DO PAR\u00c1- PA, SENDO CONSIDERADOS OS KM RODADOS PARA PAGAMENTO DOS VE\u00cdCULOS TERRESTRES, E AS MILHAS NA\u00daTICAS PARA O PAGAMENTO DOS TRANSPORTES MAR\u00cdTIMOS.<\/p>\n<ul>\n<li><a href=\"https:\/\/www.oeirasdopara.pa.gov.br\/wp-content\/uploads\/2020\/09\/EDITAL-No-25_2020-CPL_PMOP.pdf\">EDITAL N\u00ba 25_2020 &#8211; CPL_PMOP<\/a><\/li>\n<li><a href=\"https:\/\/www.oeirasdopara.pa.gov.br\/wp-content\/uploads\/2020\/09\/JUSTIFICATIVA.pdf\">JUSTIFICATIVA<\/a><\/li>\n<li><a href=\"https:\/\/www.oeirasdopara.pa.gov.br\/wp-content\/uploads\/2020\/09\/MINUTA-DO-CONTRATO-1-1.pdf\">MINUTA DO CONTRATO (1)<\/a><\/li>\n<li><a href=\"https:\/\/www.oeirasdopara.pa.gov.br\/wp-content\/uploads\/2020\/09\/ORCAMENTO-ESTIMADO-1.pdf\">OR\u00c7AMENTO ESTIMADO (1)<\/a><\/li>\n<li><a href=\"https:\/\/www.oeirasdopara.pa.gov.br\/wp-content\/uploads\/2020\/09\/PARECER-JURIDICO-1-1.pdf\">PARECER JURIDICO (1)<\/a><\/li>\n<li><a href=\"https:\/\/www.oeirasdopara.pa.gov.br\/wp-content\/uploads\/2020\/09\/PESQUISA-DE-PRECO.pdf\">PESQUISA DE PRE\u00c7O<\/a><\/li>\n<li><a href=\"https:\/\/www.oeirasdopara.pa.gov.br\/wp-content\/uploads\/2020\/09\/TERMO-DE-REFERENCIA-2-1.pdf\">TERMO DE REFER\u00caNCIA (2)<\/a><\/li>\n<\/ul>\n<p>&nbsp;<\/p>\n","protected":false},"excerpt":{"rendered":"<p>OBJETO:\u00a0CONTRATA\u00c7\u00c3O DE EMPRESA ESPECIALIZADA E APTA PARA PRESTAR SERVI\u00c7OS DE TRANSPORTE ESCOLAR, PARA CONDU\u00c7\u00c3O DOS ALUNOS MATRICULADOS NA REDE MUNICIPAL DE ENSINO, NO \u00c2MBITO DA ZONA URBANA E RURAL DO MUNIC\u00cdPIO DE OEIRAS DO PAR\u00c1- PA, SENDO CONSIDERADOS OS KM RODADOS PARA PAGAMENTO DOS VE\u00cdCULOS TERRESTRES, E AS MILHAS NA\u00daTICAS PARA O PAGAMENTO DOS TRANSPORTES [&hellip;]<\/p>\n","protected":false},"author":8,"featured_media":0,"comment_status":"closed","ping_status":"open","sticky":false,"template":"","format":"standard","meta":{"_seopress_robots_primary_cat":"","_seopress_titles_title":"","_seopress_titles_desc":"","_seopress_robots_index":"","footnotes":""},"categories":[69],"tags":[],"class_list":["post-3520","post","type-post","status-publish","format-standard","hentry","category-editais"],"_links":{"self":[{"href":"https:\/\/oeirasdopara.pa.gov.br\/novo\/wp-json\/wp\/v2\/posts\/3520","targetHints":{"allow":["GET"]}}],"collection":[{"href":"https:\/\/oeirasdopara.pa.gov.br\/novo\/wp-json\/wp\/v2\/posts"}],"about":[{"href":"https:\/\/oeirasdopara.pa.gov.br\/novo\/wp-json\/wp\/v2\/types\/post"}],"author":[{"embeddable":true,"href":"https:\/\/oeirasdopara.pa.gov.br\/novo\/wp-json\/wp\/v2\/users\/8"}],"replies":[{"embeddable":true,"href":"https:\/\/oeirasdopara.pa.gov.br\/novo\/wp-json\/wp\/v2\/comments?post=3520"}],"version-history":[{"count":3,"href":"https:\/\/oeirasdopara.pa.gov.br\/novo\/wp-json\/wp\/v2\/posts\/3520\/revisions"}],"predecessor-version":[{"id":3585,"href":"https:\/\/oeirasdopara.pa.gov.br\/novo\/wp-json\/wp\/v2\/posts\/3520\/revisions\/3585"}],"wp:attachment":[{"href":"https:\/\/oeirasdopara.pa.gov.br\/novo\/wp-json\/wp\/v2\/media?parent=3520"}],"wp:term":[{"taxonomy":"category","embeddable":true,"href":"https:\/\/oeirasdopara.pa.gov.br\/novo\/wp-json\/wp\/v2\/categories?post=3520"},{"taxonomy":"post_tag","embeddable":true,"href":"https:\/\/oeirasdopara.pa.gov.br\/novo\/wp-json\/wp\/v2\/tags?post=3520"}],"curies":[{"name":"wp","href":"https:\/\/api.w.org\/{rel}","templated":true}]}}