{"id":3503,"date":"2020-09-22T12:25:09","date_gmt":"2020-09-22T12:25:09","guid":{"rendered":"https:\/\/www.oeirasdopara.pa.gov.br\/?p=3503"},"modified":"2020-09-22T15:34:23","modified_gmt":"2020-09-22T15:34:23","slug":"dispensa-de-licitacao-no-7-2020-00042-cpl","status":"publish","type":"post","link":"https:\/\/oeirasdopara.pa.gov.br\/novo\/dispensa-de-licitacao-no-7-2020-00042-cpl\/","title":{"rendered":"DISPENSA DE LICITA\u00c7\u00c3O N\u00ba 7\/2020-00042-CPL"},"content":{"rendered":"<p><strong>SECRETARIA: <\/strong>DE SA\u00daDE<br \/>\n<strong>MODALIDADE: <\/strong>DISPENSA DE LICITA\u00c7\u00c3O<br \/>\n<strong>PROCESSO LICITAT\u00d3RIO:\u00a0<\/strong>N\u00ba 7\/2020-00042-CPL<\/p>\n<p><strong>OBJETO:\u00a0<\/strong>CONTRATA\u00c7\u00c3O DE EMPRESA ESPECIALIZADA EM MATERIAIS GR\u00c1FICOS, EM ATENDIMENTO A SECRETARIA MUNICIPAL DE SA\u00daDE.<\/p>\n<p><strong>VALOR:\u00a0\u00a0<\/strong>R$ 56.000,00<br \/>\n<strong>EMPRESA: <\/strong>MULTIGRAFICA SERVI\u00c7OS GRAFICOS LTDA-EPP<strong><br \/>\nCNPJ:\u00a0<\/strong>14.154.017\/0001-08<br \/>\n<strong>CONTRATO:\u00a0<\/strong>20200593<br \/>\n<strong>VIG\u00caNCIA:<\/strong><br \/>\n<strong>PRAZO DE ENTREGA:\u00a0<\/strong>IMEDIATO<\/p>\n<ul>\n<li><strong><a href=\"https:\/\/www.oeirasdopara.pa.gov.br\/wp-content\/uploads\/2020\/09\/DECRETO-DE-SITUACAO-DE-EMERGENCIA.pdf\">DECRETO DE SITUA\u00c7\u00c3O DE EMERGENCIA<\/a><\/strong><\/li>\n<li><strong> <a href=\"https:\/\/www.oeirasdopara.pa.gov.br\/wp-content\/uploads\/2020\/09\/DESPACHO-DE-AUTORIZACAO.pdf\">DESPACHO DE AUTORIZA\u00c7\u00c3O<\/a><\/strong><\/li>\n<li><strong> <a href=\"https:\/\/www.oeirasdopara.pa.gov.br\/wp-content\/uploads\/2020\/09\/INDICACAO-DO-SITE.pdf\">INDICA\u00c7\u00c3O DO SITE<\/a><\/strong><\/li>\n<li><strong> <a href=\"https:\/\/www.oeirasdopara.pa.gov.br\/wp-content\/uploads\/2020\/09\/JUSTIFICATIVA-PARA-CONTRATACAO-2.pdf\">JUSTIFICATIVA PARA CONTRATA\u00c7\u00c3O (2)<\/a><\/strong><\/li>\n<li><strong> <a href=\"https:\/\/www.oeirasdopara.pa.gov.br\/wp-content\/uploads\/2020\/09\/JUSTIFICATIVA-PARA-ESCOLHA.pdf\">JUSTIFICATIVA PARA ESCOLHA<\/a><\/strong><\/li>\n<li><strong> <a href=\"https:\/\/www.oeirasdopara.pa.gov.br\/wp-content\/uploads\/2020\/09\/MAPA-COMPARATIVO.pdf\">MAPA COMPARATIVO<\/a><\/strong><\/li>\n<li><strong> <a href=\"https:\/\/www.oeirasdopara.pa.gov.br\/wp-content\/uploads\/2020\/09\/MINUTA-DO-CONTRATO-1.pdf\">MINUTA DO CONTRATO (1)<\/a><\/strong><\/li>\n<li><strong> <a href=\"https:\/\/www.oeirasdopara.pa.gov.br\/wp-content\/uploads\/2020\/09\/OFICIO-INICIAL.pdf\">OFICIO INICIAL<\/a><\/strong><\/li>\n<li><strong> <a href=\"https:\/\/www.oeirasdopara.pa.gov.br\/wp-content\/uploads\/2020\/09\/PARECER-JURIDICO-1.pdf\">PARECER JUR\u00cdDICO (1)<\/a><\/strong><\/li>\n<li><strong> <a href=\"https:\/\/www.oeirasdopara.pa.gov.br\/wp-content\/uploads\/2020\/09\/TERMO-DE-RATIFICACAO.pdf\">TERMO DE RATIFICA\u00c7\u00c3O<\/a><\/strong><\/li>\n<li><strong> <a href=\"https:\/\/www.oeirasdopara.pa.gov.br\/wp-content\/uploads\/2020\/09\/TERMO-DE-REFERENCIA-2.pdf\">TERMO DE REFER\u00caNCIA (2)<\/a><\/strong><\/li>\n<\/ul>\n","protected":false},"excerpt":{"rendered":"<p>SECRETARIA: DE SA\u00daDE MODALIDADE: DISPENSA DE LICITA\u00c7\u00c3O PROCESSO LICITAT\u00d3RIO:\u00a0N\u00ba 7\/2020-00042-CPL OBJETO:\u00a0CONTRATA\u00c7\u00c3O DE EMPRESA ESPECIALIZADA EM MATERIAIS GR\u00c1FICOS, EM ATENDIMENTO A SECRETARIA MUNICIPAL DE SA\u00daDE. VALOR:\u00a0\u00a0R$ 56.000,00 EMPRESA: MULTIGRAFICA SERVI\u00c7OS GRAFICOS LTDA-EPP CNPJ:\u00a014.154.017\/0001-08 CONTRATO:\u00a020200593 VIG\u00caNCIA: PRAZO DE ENTREGA:\u00a0IMEDIATO DECRETO DE SITUA\u00c7\u00c3O DE EMERGENCIA DESPACHO DE AUTORIZA\u00c7\u00c3O INDICA\u00c7\u00c3O DO SITE JUSTIFICATIVA PARA CONTRATA\u00c7\u00c3O (2) JUSTIFICATIVA PARA ESCOLHA [&hellip;]<\/p>\n","protected":false},"author":8,"featured_media":0,"comment_status":"closed","ping_status":"open","sticky":false,"template":"","format":"standard","meta":{"_seopress_robots_primary_cat":"","_seopress_titles_title":"","_seopress_titles_desc":"","_seopress_robots_index":"","footnotes":""},"categories":[88,69],"tags":[],"class_list":["post-3503","post","type-post","status-publish","format-standard","hentry","category-covid-19-editais","category-editais"],"_links":{"self":[{"href":"https:\/\/oeirasdopara.pa.gov.br\/novo\/wp-json\/wp\/v2\/posts\/3503","targetHints":{"allow":["GET"]}}],"collection":[{"href":"https:\/\/oeirasdopara.pa.gov.br\/novo\/wp-json\/wp\/v2\/posts"}],"about":[{"href":"https:\/\/oeirasdopara.pa.gov.br\/novo\/wp-json\/wp\/v2\/types\/post"}],"author":[{"embeddable":true,"href":"https:\/\/oeirasdopara.pa.gov.br\/novo\/wp-json\/wp\/v2\/users\/8"}],"replies":[{"embeddable":true,"href":"https:\/\/oeirasdopara.pa.gov.br\/novo\/wp-json\/wp\/v2\/comments?post=3503"}],"version-history":[{"count":6,"href":"https:\/\/oeirasdopara.pa.gov.br\/novo\/wp-json\/wp\/v2\/posts\/3503\/revisions"}],"predecessor-version":[{"id":3517,"href":"https:\/\/oeirasdopara.pa.gov.br\/novo\/wp-json\/wp\/v2\/posts\/3503\/revisions\/3517"}],"wp:attachment":[{"href":"https:\/\/oeirasdopara.pa.gov.br\/novo\/wp-json\/wp\/v2\/media?parent=3503"}],"wp:term":[{"taxonomy":"category","embeddable":true,"href":"https:\/\/oeirasdopara.pa.gov.br\/novo\/wp-json\/wp\/v2\/categories?post=3503"},{"taxonomy":"post_tag","embeddable":true,"href":"https:\/\/oeirasdopara.pa.gov.br\/novo\/wp-json\/wp\/v2\/tags?post=3503"}],"curies":[{"name":"wp","href":"https:\/\/api.w.org\/{rel}","templated":true}]}}