{"id":3487,"date":"2020-08-27T15:21:40","date_gmt":"2020-08-27T15:21:40","guid":{"rendered":"https:\/\/www.oeirasdopara.pa.gov.br\/?p=3487"},"modified":"2020-09-30T13:25:23","modified_gmt":"2020-09-30T13:25:23","slug":"chamamento-publico-emergencial-de-profissionais-medicos-002-2020-sms-pmop","status":"publish","type":"post","link":"https:\/\/oeirasdopara.pa.gov.br\/novo\/chamamento-publico-emergencial-de-profissionais-medicos-002-2020-sms-pmop\/","title":{"rendered":"CHAMAMENTO P\u00daBLICO EMERGENCIAL DE PROFISSIONAIS M\u00c9DICOS 002\/2020 &#8211; SMS\/PMOP"},"content":{"rendered":"<p><strong>OBJETO: <\/strong>A PREFEITURA MUNICIPAL DE OEIRAS DO PAR\u00c1, TORNA P\u00daBLICO O EDITAL DE CHAMAMENTO P\u00daBLICO EMERGENCIAL PARA CONTRATA\u00c7\u00c3O TEMPOR\u00c1RIA DE PROFISSIONAIS M\u00c9DICOS PARA ATENDER AS NECESSIDADES DA SECRETARIA MUNICIPAL DE S\u00c1UDE NO ENFRENTAMENTO DA PANDEMIA DO COVID19.<\/p>\n<ul>\n<li><a href=\"https:\/\/www.oeirasdopara.pa.gov.br\/wp-content\/uploads\/2020\/08\/EDITAL-DE-CHAMAMENTO-P\u00daBLICO-EMERGENCIAL-DE-PROFISSIONAIS.pdf\">EDITAL DE CHAMAMENTO P\u00daBLICO EMERGENCIAL DE PROFISSIONAIS<\/a><\/li>\n<li><a href=\"https:\/\/www.oeirasdopara.pa.gov.br\/wp-content\/uploads\/2020\/08\/Minuta-PORTARIA-GP-N\u00ba-242-Comiss\u00e3o-Tempor\u00e1ria-de-Credenciamento-e-Avalia\u00e7\u00e3o-Documental.pdf\">Minuta PORTARIA GP N\u00ba 242 &#8211; Comiss\u00e3o Tempor\u00e1ria de Credenciamento e Avalia\u00e7\u00e3o Documental<\/a><\/li>\n<\/ul>\n","protected":false},"excerpt":{"rendered":"<p>OBJETO: A PREFEITURA MUNICIPAL DE OEIRAS DO PAR\u00c1, TORNA P\u00daBLICO O EDITAL DE CHAMAMENTO P\u00daBLICO EMERGENCIAL PARA CONTRATA\u00c7\u00c3O TEMPOR\u00c1RIA DE PROFISSIONAIS M\u00c9DICOS PARA ATENDER AS NECESSIDADES DA SECRETARIA MUNICIPAL DE S\u00c1UDE NO ENFRENTAMENTO DA PANDEMIA DO COVID19. EDITAL DE CHAMAMENTO P\u00daBLICO EMERGENCIAL DE PROFISSIONAIS Minuta PORTARIA GP N\u00ba 242 &#8211; Comiss\u00e3o Tempor\u00e1ria de Credenciamento e [&hellip;]<\/p>\n","protected":false},"author":8,"featured_media":0,"comment_status":"closed","ping_status":"open","sticky":false,"template":"","format":"standard","meta":{"_seopress_robots_primary_cat":"","_seopress_titles_title":"","_seopress_titles_desc":"","_seopress_robots_index":"","footnotes":""},"categories":[69],"tags":[],"class_list":["post-3487","post","type-post","status-publish","format-standard","hentry","category-editais"],"_links":{"self":[{"href":"https:\/\/oeirasdopara.pa.gov.br\/novo\/wp-json\/wp\/v2\/posts\/3487","targetHints":{"allow":["GET"]}}],"collection":[{"href":"https:\/\/oeirasdopara.pa.gov.br\/novo\/wp-json\/wp\/v2\/posts"}],"about":[{"href":"https:\/\/oeirasdopara.pa.gov.br\/novo\/wp-json\/wp\/v2\/types\/post"}],"author":[{"embeddable":true,"href":"https:\/\/oeirasdopara.pa.gov.br\/novo\/wp-json\/wp\/v2\/users\/8"}],"replies":[{"embeddable":true,"href":"https:\/\/oeirasdopara.pa.gov.br\/novo\/wp-json\/wp\/v2\/comments?post=3487"}],"version-history":[{"count":4,"href":"https:\/\/oeirasdopara.pa.gov.br\/novo\/wp-json\/wp\/v2\/posts\/3487\/revisions"}],"predecessor-version":[{"id":3547,"href":"https:\/\/oeirasdopara.pa.gov.br\/novo\/wp-json\/wp\/v2\/posts\/3487\/revisions\/3547"}],"wp:attachment":[{"href":"https:\/\/oeirasdopara.pa.gov.br\/novo\/wp-json\/wp\/v2\/media?parent=3487"}],"wp:term":[{"taxonomy":"category","embeddable":true,"href":"https:\/\/oeirasdopara.pa.gov.br\/novo\/wp-json\/wp\/v2\/categories?post=3487"},{"taxonomy":"post_tag","embeddable":true,"href":"https:\/\/oeirasdopara.pa.gov.br\/novo\/wp-json\/wp\/v2\/tags?post=3487"}],"curies":[{"name":"wp","href":"https:\/\/api.w.org\/{rel}","templated":true}]}}