{"id":3477,"date":"2020-08-26T15:17:12","date_gmt":"2020-08-26T15:17:12","guid":{"rendered":"https:\/\/www.oeirasdopara.pa.gov.br\/?p=3477"},"modified":"2020-08-26T15:18:33","modified_gmt":"2020-08-26T15:18:33","slug":"pregao-presencial-srp-no-9-2020-00010-cpl-pmop","status":"publish","type":"post","link":"https:\/\/oeirasdopara.pa.gov.br\/novo\/pregao-presencial-srp-no-9-2020-00010-cpl-pmop\/","title":{"rendered":"PREG\u00c3O PRESENCIAL SRP n\u00ba 9\/2020-00010 &#8211; CPL\/PMOP"},"content":{"rendered":"<p><strong>OBJETO:<\/strong> CONTRATA\u00c7\u00c3O DE EMPRESA ESPECIALIZADA NA PRESTA\u00c7\u00c3O DE SERVI\u00c7OS T\u00c9CNICO-ESPECIALIZADO NO PLANEJAMENTO, ORGANIZA\u00c7\u00c3O E REALIZA\u00c7\u00c3O DE CONCURSO P\u00daBLICO, PARA PREENCHIMENTO DE CARGOS, NO \u00c2MBITO DO PODER EXECUTIVO DO MUNIC\u00cdPIO DE OEIRAS DO PAR\u00c1.<\/p>\n<ul>\n<li><a href=\"https:\/\/www.oeirasdopara.pa.gov.br\/wp-content\/uploads\/2020\/08\/EDITAL-22-PP-SRP-concurso-assinado.pdf\">EDITAL &#8211; 22 &#8211; PP &#8211; SRP &#8211; concurso assinado<\/a><\/li>\n<\/ul>\n","protected":false},"excerpt":{"rendered":"<p>OBJETO: CONTRATA\u00c7\u00c3O DE EMPRESA ESPECIALIZADA NA PRESTA\u00c7\u00c3O DE SERVI\u00c7OS T\u00c9CNICO-ESPECIALIZADO NO PLANEJAMENTO, ORGANIZA\u00c7\u00c3O E REALIZA\u00c7\u00c3O DE CONCURSO P\u00daBLICO, PARA PREENCHIMENTO DE CARGOS, NO \u00c2MBITO DO PODER EXECUTIVO DO MUNIC\u00cdPIO DE OEIRAS DO PAR\u00c1. EDITAL &#8211; 22 &#8211; PP &#8211; SRP &#8211; concurso assinado<\/p>\n","protected":false},"author":8,"featured_media":0,"comment_status":"closed","ping_status":"open","sticky":false,"template":"","format":"standard","meta":{"_seopress_robots_primary_cat":"","_seopress_titles_title":"","_seopress_titles_desc":"","_seopress_robots_index":"","footnotes":""},"categories":[69],"tags":[],"class_list":["post-3477","post","type-post","status-publish","format-standard","hentry","category-editais"],"_links":{"self":[{"href":"https:\/\/oeirasdopara.pa.gov.br\/novo\/wp-json\/wp\/v2\/posts\/3477","targetHints":{"allow":["GET"]}}],"collection":[{"href":"https:\/\/oeirasdopara.pa.gov.br\/novo\/wp-json\/wp\/v2\/posts"}],"about":[{"href":"https:\/\/oeirasdopara.pa.gov.br\/novo\/wp-json\/wp\/v2\/types\/post"}],"author":[{"embeddable":true,"href":"https:\/\/oeirasdopara.pa.gov.br\/novo\/wp-json\/wp\/v2\/users\/8"}],"replies":[{"embeddable":true,"href":"https:\/\/oeirasdopara.pa.gov.br\/novo\/wp-json\/wp\/v2\/comments?post=3477"}],"version-history":[{"count":1,"href":"https:\/\/oeirasdopara.pa.gov.br\/novo\/wp-json\/wp\/v2\/posts\/3477\/revisions"}],"predecessor-version":[{"id":3479,"href":"https:\/\/oeirasdopara.pa.gov.br\/novo\/wp-json\/wp\/v2\/posts\/3477\/revisions\/3479"}],"wp:attachment":[{"href":"https:\/\/oeirasdopara.pa.gov.br\/novo\/wp-json\/wp\/v2\/media?parent=3477"}],"wp:term":[{"taxonomy":"category","embeddable":true,"href":"https:\/\/oeirasdopara.pa.gov.br\/novo\/wp-json\/wp\/v2\/categories?post=3477"},{"taxonomy":"post_tag","embeddable":true,"href":"https:\/\/oeirasdopara.pa.gov.br\/novo\/wp-json\/wp\/v2\/tags?post=3477"}],"curies":[{"name":"wp","href":"https:\/\/api.w.org\/{rel}","templated":true}]}}