{"id":3474,"date":"2020-08-26T15:05:27","date_gmt":"2020-08-26T15:05:27","guid":{"rendered":"https:\/\/www.oeirasdopara.pa.gov.br\/?p=3474"},"modified":"2020-08-27T13:59:12","modified_gmt":"2020-08-27T13:59:12","slug":"tomada-de-preco-no-2-2020-00005-cpl-pmop","status":"publish","type":"post","link":"https:\/\/oeirasdopara.pa.gov.br\/novo\/tomada-de-preco-no-2-2020-00005-cpl-pmop\/","title":{"rendered":"TOMADA DE PRE\u00c7O n\u00ba 2\/2020-00005 &#8211; CPL\/PMOP"},"content":{"rendered":"<p>OBJETO: CONTRATA\u00c7\u00c3O DE EMPRESAS ESPECIALIZADAS EM SERVI\u00c7OS DE ENGENHARIA PARA CONSTRU\u00c7\u00c3O DAS EMEF C\u00d4NEGO DAVID DE S\u00c1, LOC. NA COMUNIDADE RURAL NOVA COL\u00d4NIA, RIO CARACUR\u00da E ESCOLA DO CARAR\u00c1, NA LOCALIDADE RURAL CARAR\u00c1; REFORMA DA EMEF GASPAR VIANA (LOCALIDADE PAU DE ROSA BR-422); REFORMA E AMPLIA\u00c7\u00c3O DAS EMEF MAGALH\u00c3ES BARATA (VILA CASTANHEIRO, RIO OEIRAS), LAMEIRA BITENCOURT(LOC. MELANCIAL, RIO OEIRAS), JO\u00c3O DA CRUZ E SOUZA (LOC. MOQU\u00c9M \u2013 BR422), JO\u00c3O PAULO II (LOC. PRUAN\u00c3 \u2013 RIO PRUAN\u00c3) E SANTINO DOS SANTOS ARA\u00daJO (RIO ARACAER\u00da).<\/p>\n<ul>\n<li><a href=\"https:\/\/www.oeirasdopara.pa.gov.br\/wp-content\/uploads\/2020\/08\/EDITAL-21-TOMADA-DE-PRE\u00c7O-ESCOLAS-DIVERSAS-assinado-2.pdf\">EDITAL &#8211; 21- TOMADA DE PRE\u00c7O &#8211; ESCOLAS DIVERSAS-assinado (2)<\/a><\/li>\n<\/ul>\n","protected":false},"excerpt":{"rendered":"<p>OBJETO: CONTRATA\u00c7\u00c3O DE EMPRESAS ESPECIALIZADAS EM SERVI\u00c7OS DE ENGENHARIA PARA CONSTRU\u00c7\u00c3O DAS EMEF C\u00d4NEGO DAVID DE S\u00c1, LOC. NA COMUNIDADE RURAL NOVA COL\u00d4NIA, RIO CARACUR\u00da E ESCOLA DO CARAR\u00c1, NA LOCALIDADE RURAL CARAR\u00c1; REFORMA DA EMEF GASPAR VIANA (LOCALIDADE PAU DE ROSA BR-422); REFORMA E AMPLIA\u00c7\u00c3O DAS EMEF MAGALH\u00c3ES BARATA (VILA CASTANHEIRO, RIO OEIRAS), LAMEIRA [&hellip;]<\/p>\n","protected":false},"author":8,"featured_media":0,"comment_status":"closed","ping_status":"open","sticky":false,"template":"","format":"standard","meta":{"_seopress_robots_primary_cat":"","_seopress_titles_title":"","_seopress_titles_desc":"","_seopress_robots_index":"","footnotes":""},"categories":[69],"tags":[],"class_list":["post-3474","post","type-post","status-publish","format-standard","hentry","category-editais"],"_links":{"self":[{"href":"https:\/\/oeirasdopara.pa.gov.br\/novo\/wp-json\/wp\/v2\/posts\/3474","targetHints":{"allow":["GET"]}}],"collection":[{"href":"https:\/\/oeirasdopara.pa.gov.br\/novo\/wp-json\/wp\/v2\/posts"}],"about":[{"href":"https:\/\/oeirasdopara.pa.gov.br\/novo\/wp-json\/wp\/v2\/types\/post"}],"author":[{"embeddable":true,"href":"https:\/\/oeirasdopara.pa.gov.br\/novo\/wp-json\/wp\/v2\/users\/8"}],"replies":[{"embeddable":true,"href":"https:\/\/oeirasdopara.pa.gov.br\/novo\/wp-json\/wp\/v2\/comments?post=3474"}],"version-history":[{"count":3,"href":"https:\/\/oeirasdopara.pa.gov.br\/novo\/wp-json\/wp\/v2\/posts\/3474\/revisions"}],"predecessor-version":[{"id":3486,"href":"https:\/\/oeirasdopara.pa.gov.br\/novo\/wp-json\/wp\/v2\/posts\/3474\/revisions\/3486"}],"wp:attachment":[{"href":"https:\/\/oeirasdopara.pa.gov.br\/novo\/wp-json\/wp\/v2\/media?parent=3474"}],"wp:term":[{"taxonomy":"category","embeddable":true,"href":"https:\/\/oeirasdopara.pa.gov.br\/novo\/wp-json\/wp\/v2\/categories?post=3474"},{"taxonomy":"post_tag","embeddable":true,"href":"https:\/\/oeirasdopara.pa.gov.br\/novo\/wp-json\/wp\/v2\/tags?post=3474"}],"curies":[{"name":"wp","href":"https:\/\/api.w.org\/{rel}","templated":true}]}}