{"id":3427,"date":"2020-08-11T16:05:21","date_gmt":"2020-08-11T16:05:21","guid":{"rendered":"https:\/\/www.oeirasdopara.pa.gov.br\/?p=3427"},"modified":"2021-07-20T12:53:40","modified_gmt":"2021-07-20T12:53:40","slug":"dispensa-de-licitacao-no-7-2020-00029","status":"publish","type":"post","link":"https:\/\/oeirasdopara.pa.gov.br\/novo\/dispensa-de-licitacao-no-7-2020-00029\/","title":{"rendered":"DISPENSA DE LICITA\u00c7\u00c3O N\u00ba 7\/2020-00029"},"content":{"rendered":"<p><strong>SECRETARIA: <\/strong>DE SA\u00daDE<br \/>\n<strong>MODALIDADE: <\/strong>DISPENSA DE LICITA\u00c7\u00c3O<br \/>\n<strong>PROCESSO LICITAT\u00d3RIO:\u00a0<\/strong>N\u00ba 7\/2020-00029<\/p>\n<p><strong>OBJETO: <\/strong>CONTRATA\u00c7\u00c3O DE EMPRESA ESPECIALIZADA PARA AQUISI\u00c7\u00c3O DE TERM\u00d4METRO CL\u00cdNICO E MEDICAMENTOS PARA TRATAMENTO EM PACIENTES DE COVID-19, PARA ENFRENTAMENTO DA EMERG\u00caNCIA DA SA\u00daDE PUBLICA OCASIONADA PELO CORONAV\u00cdRUS, GARANTINDO ASSIM, A N\u00c3O INTERRUP\u00c7\u00c3O DO TRATAMENTO AOS PACIENTES ACOMPANHADOS, NO HOSPITAL MUNICIPAL E NOS POSTOS DE SA\u00daDE.<\/p>\n<p><strong>VALOR:\u00a0<\/strong>R$ 47.538,00<br \/>\n<strong>EMPRESA: <\/strong>C J A PARENTE<strong><br \/>\nCNPJ: <\/strong>83.646.307\/0001-91<br \/>\n<strong>CONTRATO:\u00a0<\/strong>N\u00ba 20200272<br \/>\n<strong>VIG\u00caNCIA:\u00a0<\/strong>20 DE ABRIL DE 2020 \u00c0 20 DE JUNHO DE 2020<br \/>\n<strong>PRAZO DE ENTREGA:\u00a0<\/strong>IMEDIATO<\/p>\n<ul>\n<li><a href=\"https:\/\/www.oeirasdopara.pa.gov.br\/wp-content\/uploads\/2020\/08\/AUTORIZA\u00c7\u00c3O-DA-AUTORIDADE-2.pdf\">AUTORIZA\u00c7\u00c3O DA AUTORIDADE<\/a><\/li>\n<li><a href=\"https:\/\/www.oeirasdopara.pa.gov.br\/wp-content\/uploads\/2020\/08\/DECRETO-N\u00ba006_20-INSTITUI-SITUA\u00c7\u00c3O-DE-CALAMIDADE-P\u00daBLICA-NO-MUNIC\u00cdPIO..pdf\">DECRETO N\u00ba006_20 INSTITUI SITUA\u00c7\u00c3O DE CALAMIDADE P\u00daBLICA NO MUNIC\u00cdPIO.<\/a><\/li>\n<li><a href=\"https:\/\/www.oeirasdopara.pa.gov.br\/wp-content\/uploads\/2020\/08\/ESTIMATIVA-DE-MERCADO-MAPA-COMPARATIVO-2.pdf\">ESTIMATIVA DE MERCADO-MAPA COMPARATIVO<\/a><\/li>\n<li><a href=\"https:\/\/www.oeirasdopara.pa.gov.br\/wp-content\/uploads\/2020\/08\/INDICA\u00c7\u00c3O-DE-PUBLICA\u00c7\u00c3O-1.pdf\">INDICA\u00c7\u00c3O DE PUBLICA\u00c7\u00c3O (1)<\/a><\/li>\n<li><a href=\"https:\/\/www.oeirasdopara.pa.gov.br\/wp-content\/uploads\/2020\/08\/JUSTIFICATIVA-DA-RAZ\u00c3O-DE-ESCOLHA-2.pdf\">JUSTIFICATIVA DA RAZ\u00c3O DE ESCOLHA<\/a><\/li>\n<li><a href=\"https:\/\/www.oeirasdopara.pa.gov.br\/wp-content\/uploads\/2020\/08\/JUSTIFICATIVA-PARA-CONTRATA\u00c7\u00c3O-1-2.pdf\">JUSTIFICATIVA PARA CONTRATA\u00c7\u00c3O (1)<\/a><\/li>\n<li><a href=\"https:\/\/www.oeirasdopara.pa.gov.br\/wp-content\/uploads\/2020\/08\/MINUTA-DE-CONTRATO-4.pdf\">MINUTA DE CONTRATO<\/a><\/li>\n<li><a href=\"https:\/\/www.oeirasdopara.pa.gov.br\/wp-content\/uploads\/2020\/08\/PARECER-JUR\u00cdDICO-3.pdf\">PARECER JUR\u00cdDICO<\/a><\/li>\n<li><a href=\"https:\/\/www.oeirasdopara.pa.gov.br\/wp-content\/uploads\/2020\/08\/SOLICITA\u00c7\u00c3O-INICIAL-1.pdf\">SOLICITA\u00c7\u00c3O INICIAL<\/a><\/li>\n<li><a href=\"https:\/\/www.oeirasdopara.pa.gov.br\/wp-content\/uploads\/2020\/08\/SOLICITA\u00c7\u00c3O-PARA-AQUISI\u00c7\u00c3O-2.pdf\">SOLICITA\u00c7\u00c3O PARA AQUISI\u00c7\u00c3O<\/a><\/li>\n<li><a href=\"https:\/\/www.oeirasdopara.pa.gov.br\/wp-content\/uploads\/2020\/08\/TERMO-DE-REFER\u00caNCIA-1-3.pdf\">TERMO DE REFER\u00caNCIA (1)<\/a><\/li>\n<\/ul>\n<p>&nbsp;<\/p>\n<p><strong>ANEXO<\/strong> <strong>EM FORMATO ABERTO<\/strong><\/p>\n<ul>\n<li><a href=\"https:\/\/www.oeirasdopara.pa.gov.br\/wp-content\/uploads\/2020\/08\/CONTRATO-N\u00ba-20200272-SAUDE-C-J-A-PARENTE.pdf\">CONTRATO N\u00ba 20200272 SAUDE C J A PARENTE<\/a><\/li>\n<\/ul>\n","protected":false},"excerpt":{"rendered":"<p>SECRETARIA: DE SA\u00daDE MODALIDADE: DISPENSA DE LICITA\u00c7\u00c3O PROCESSO LICITAT\u00d3RIO:\u00a0N\u00ba 7\/2020-00029 OBJETO: CONTRATA\u00c7\u00c3O DE EMPRESA ESPECIALIZADA PARA AQUISI\u00c7\u00c3O DE TERM\u00d4METRO CL\u00cdNICO E MEDICAMENTOS PARA TRATAMENTO EM PACIENTES DE COVID-19, PARA ENFRENTAMENTO DA EMERG\u00caNCIA DA SA\u00daDE PUBLICA OCASIONADA PELO CORONAV\u00cdRUS, GARANTINDO ASSIM, A N\u00c3O INTERRUP\u00c7\u00c3O DO TRATAMENTO AOS PACIENTES ACOMPANHADOS, NO HOSPITAL MUNICIPAL E NOS POSTOS DE [&hellip;]<\/p>\n","protected":false},"author":8,"featured_media":0,"comment_status":"closed","ping_status":"open","sticky":false,"template":"","format":"standard","meta":{"_seopress_robots_primary_cat":"","_seopress_titles_title":"","_seopress_titles_desc":"","_seopress_robots_index":"","footnotes":""},"categories":[88,69],"tags":[],"class_list":["post-3427","post","type-post","status-publish","format-standard","hentry","category-covid-19-editais","category-editais"],"_links":{"self":[{"href":"https:\/\/oeirasdopara.pa.gov.br\/novo\/wp-json\/wp\/v2\/posts\/3427","targetHints":{"allow":["GET"]}}],"collection":[{"href":"https:\/\/oeirasdopara.pa.gov.br\/novo\/wp-json\/wp\/v2\/posts"}],"about":[{"href":"https:\/\/oeirasdopara.pa.gov.br\/novo\/wp-json\/wp\/v2\/types\/post"}],"author":[{"embeddable":true,"href":"https:\/\/oeirasdopara.pa.gov.br\/novo\/wp-json\/wp\/v2\/users\/8"}],"replies":[{"embeddable":true,"href":"https:\/\/oeirasdopara.pa.gov.br\/novo\/wp-json\/wp\/v2\/comments?post=3427"}],"version-history":[{"count":5,"href":"https:\/\/oeirasdopara.pa.gov.br\/novo\/wp-json\/wp\/v2\/posts\/3427\/revisions"}],"predecessor-version":[{"id":3464,"href":"https:\/\/oeirasdopara.pa.gov.br\/novo\/wp-json\/wp\/v2\/posts\/3427\/revisions\/3464"}],"wp:attachment":[{"href":"https:\/\/oeirasdopara.pa.gov.br\/novo\/wp-json\/wp\/v2\/media?parent=3427"}],"wp:term":[{"taxonomy":"category","embeddable":true,"href":"https:\/\/oeirasdopara.pa.gov.br\/novo\/wp-json\/wp\/v2\/categories?post=3427"},{"taxonomy":"post_tag","embeddable":true,"href":"https:\/\/oeirasdopara.pa.gov.br\/novo\/wp-json\/wp\/v2\/tags?post=3427"}],"curies":[{"name":"wp","href":"https:\/\/api.w.org\/{rel}","templated":true}]}}