{"id":3412,"date":"2020-08-11T15:51:02","date_gmt":"2020-08-11T15:51:02","guid":{"rendered":"https:\/\/www.oeirasdopara.pa.gov.br\/?p=3412"},"modified":"2021-07-20T12:56:17","modified_gmt":"2021-07-20T12:56:17","slug":"dispensa-de-licitacao-no-7-2020-00026-b","status":"publish","type":"post","link":"https:\/\/oeirasdopara.pa.gov.br\/novo\/dispensa-de-licitacao-no-7-2020-00026-b\/","title":{"rendered":"DISPENSA DE LICITA\u00c7\u00c3O N\u00ba 7\/2020-00026-B"},"content":{"rendered":"<p><strong>SECRETARIA: <\/strong>DE SA\u00daDE<br \/>\n<strong>MODALIDADE: <\/strong>DISPENSA DE LICITA\u00c7\u00c3O<br \/>\n<strong>PROCESSO LICITAT\u00d3RIO: <\/strong>N\u00ba 7\/2020-00026-B<\/p>\n<p><strong>OBJETO:\u00a0<\/strong>CONTRATA\u00c7\u00c3O DE EMPRESA ESPECIALIZADA PARA AQUISI\u00c7\u00c3O DE MATERIAIS DE INSUMOS E IPI\u00b4S, QUE DEVIDO A PANDEMIA COVID-19, FAZ-SE NECESS\u00c1RIO GARANTIR AS MEDIDAS PREVENTIVAS E SEGURAN\u00c7A DOS TRABALHADORES DA SA\u00daDE E PACIENTE. ASSIM, EVADINDO O CONTAGIO DO V\u00cdRUS COVID-19 ATRAV\u00c9S DO CONTATO E RESPIRA\u00c7\u00c3O, GARANTINDO A SEGURAN\u00c7A DE TODOS NO ENFRENTAMENTO DA EMERG\u00caNCIA DE SA\u00daDE P\u00daBLICA DO CORONAV\u00cdRUS.<\/p>\n<p><strong>VALOR:\u00a0<\/strong>R$ 75.779,40<br \/>\n<strong>EMPRESA: <\/strong>PPF COM E SERV EIRELI ME<br \/>\n<strong>CNPJ: <\/strong>07.606.575\/0001-00<br \/>\n<strong>CONTRATO:\u00a0<\/strong>N\u00ba 20200268<br \/>\n<strong>VIG\u00caNCIA:\u00a0<\/strong>03 DE ABRIL DE 2020 A 03 DE JUNHO DE 2020<br \/>\n<strong>PRAZO DE ENTREGA: <\/strong>IMEDIATO<\/p>\n<ul>\n<li><a href=\"https:\/\/www.oeirasdopara.pa.gov.br\/wp-content\/uploads\/2020\/08\/DECRETO-MUNICIPAL-N-006_2020-DISP\u00d5E-SOBRE-O-ESTADO-DE-EMERG\u00caNCIA-DA-SA\u00daDE-MUNICIPAL..pdf\">DECRETO MUNICIPAL N 006_2020 &#8211; DISP\u00d5E SOBRE O ESTADO DE EMERG\u00caNCIA DA SA\u00daDE MUNICIPAL.<\/a><\/li>\n<li><a href=\"https:\/\/www.oeirasdopara.pa.gov.br\/wp-content\/uploads\/2020\/08\/ESTIMATIVA-DE-PRE\u00c7O-MAPA-COMPARATIVO.pdf\">ESTIMATIVA DE PRE\u00c7O- MAPA COMPARATIVO<\/a><\/li>\n<li><a href=\"https:\/\/www.oeirasdopara.pa.gov.br\/wp-content\/uploads\/2020\/08\/INDICA\u00c7\u00c3O-DE-PUBLICA\u00c7\u00c3O-DO-PROCESSO.pdf\">INDICA\u00c7\u00c3O DE PUBLICA\u00c7\u00c3O DO PROCESSO<\/a><\/li>\n<li><a href=\"https:\/\/www.oeirasdopara.pa.gov.br\/wp-content\/uploads\/2020\/08\/JUSTIFICATIVA-DA-ESCOLHA-1.pdf\">JUSTIFICATIVA DA ESCOLHA (1)<\/a><\/li>\n<li><a href=\"https:\/\/www.oeirasdopara.pa.gov.br\/wp-content\/uploads\/2020\/08\/JUSTIFICATIVA-PARA-AQUISI\u00c7\u00c3O.pdf\">JUSTIFICATIVA PARA AQUISI\u00c7\u00c3O<\/a><\/li>\n<li><a href=\"https:\/\/www.oeirasdopara.pa.gov.br\/wp-content\/uploads\/2020\/08\/MINUTA-DE-CONTRATO-3.pdf\">MINUTA DE CONTRATO<\/a><\/li>\n<li><a href=\"https:\/\/www.oeirasdopara.pa.gov.br\/wp-content\/uploads\/2020\/08\/PARECER-JUR\u00cdDICO-2.pdf\">PARECER JUR\u00cdDICO<\/a><\/li>\n<li><a href=\"https:\/\/www.oeirasdopara.pa.gov.br\/wp-content\/uploads\/2020\/08\/SOLICITA\u00c7\u00c3O-DE-CONTRATA\u00c7\u00c3O.pdf\">SOLICITA\u00c7\u00c3O DE CONTRATA\u00c7\u00c3O<\/a><\/li>\n<li><a href=\"https:\/\/www.oeirasdopara.pa.gov.br\/wp-content\/uploads\/2020\/08\/TERMO-DE-RATIFICA\u00c7\u00c3O-3.pdf\">TERMO DE RATIFICA\u00c7\u00c3O (3)<\/a><\/li>\n<li><a href=\"https:\/\/www.oeirasdopara.pa.gov.br\/wp-content\/uploads\/2020\/08\/TERMO-DE-RATIFICA\u00c7\u00c3O-2.pdf\">TERMO DE RATIFICA\u00c7\u00c3O<\/a><\/li>\n<li><a href=\"https:\/\/www.oeirasdopara.pa.gov.br\/wp-content\/uploads\/2020\/08\/TERMO-DE-REFER\u00caNCIA-1-2.pdf\">TERMO DE REFER\u00caNCIA (1)<\/a><\/li>\n<\/ul>\n<p><strong>ANEXO EM FORMATO ABERTO<\/strong><\/p>\n<ul>\n<li><a href=\"https:\/\/www.oeirasdopara.pa.gov.br\/wp-content\/uploads\/2020\/08\/CONTRATO-N\u00ba-20200268-SAUDE-PPF-COM-E-SERVI\u00c7O-EIRELI.pdf\">CONTRATO N\u00ba 20200268 SAUDE PPF COM E SERVI\u00c7O EIRELI<\/a><\/li>\n<\/ul>\n<p>&nbsp;<\/p>\n","protected":false},"excerpt":{"rendered":"<p>SECRETARIA: DE SA\u00daDE MODALIDADE: DISPENSA DE LICITA\u00c7\u00c3O PROCESSO LICITAT\u00d3RIO: N\u00ba 7\/2020-00026-B OBJETO:\u00a0CONTRATA\u00c7\u00c3O DE EMPRESA ESPECIALIZADA PARA AQUISI\u00c7\u00c3O DE MATERIAIS DE INSUMOS E IPI\u00b4S, QUE DEVIDO A PANDEMIA COVID-19, FAZ-SE NECESS\u00c1RIO GARANTIR AS MEDIDAS PREVENTIVAS E SEGURAN\u00c7A DOS TRABALHADORES DA SA\u00daDE E PACIENTE. ASSIM, EVADINDO O CONTAGIO DO V\u00cdRUS COVID-19 ATRAV\u00c9S DO CONTATO E RESPIRA\u00c7\u00c3O, GARANTINDO [&hellip;]<\/p>\n","protected":false},"author":8,"featured_media":0,"comment_status":"closed","ping_status":"open","sticky":false,"template":"","format":"standard","meta":{"_seopress_robots_primary_cat":"","_seopress_titles_title":"","_seopress_titles_desc":"","_seopress_robots_index":"","footnotes":""},"categories":[88,69],"tags":[],"class_list":["post-3412","post","type-post","status-publish","format-standard","hentry","category-covid-19-editais","category-editais"],"_links":{"self":[{"href":"https:\/\/oeirasdopara.pa.gov.br\/novo\/wp-json\/wp\/v2\/posts\/3412","targetHints":{"allow":["GET"]}}],"collection":[{"href":"https:\/\/oeirasdopara.pa.gov.br\/novo\/wp-json\/wp\/v2\/posts"}],"about":[{"href":"https:\/\/oeirasdopara.pa.gov.br\/novo\/wp-json\/wp\/v2\/types\/post"}],"author":[{"embeddable":true,"href":"https:\/\/oeirasdopara.pa.gov.br\/novo\/wp-json\/wp\/v2\/users\/8"}],"replies":[{"embeddable":true,"href":"https:\/\/oeirasdopara.pa.gov.br\/novo\/wp-json\/wp\/v2\/comments?post=3412"}],"version-history":[{"count":3,"href":"https:\/\/oeirasdopara.pa.gov.br\/novo\/wp-json\/wp\/v2\/posts\/3412\/revisions"}],"predecessor-version":[{"id":3449,"href":"https:\/\/oeirasdopara.pa.gov.br\/novo\/wp-json\/wp\/v2\/posts\/3412\/revisions\/3449"}],"wp:attachment":[{"href":"https:\/\/oeirasdopara.pa.gov.br\/novo\/wp-json\/wp\/v2\/media?parent=3412"}],"wp:term":[{"taxonomy":"category","embeddable":true,"href":"https:\/\/oeirasdopara.pa.gov.br\/novo\/wp-json\/wp\/v2\/categories?post=3412"},{"taxonomy":"post_tag","embeddable":true,"href":"https:\/\/oeirasdopara.pa.gov.br\/novo\/wp-json\/wp\/v2\/tags?post=3412"}],"curies":[{"name":"wp","href":"https:\/\/api.w.org\/{rel}","templated":true}]}}