{"id":3381,"date":"2020-08-11T13:35:20","date_gmt":"2020-08-11T13:35:20","guid":{"rendered":"https:\/\/www.oeirasdopara.pa.gov.br\/?p=3381"},"modified":"2021-07-20T12:57:14","modified_gmt":"2021-07-20T12:57:14","slug":"dispensa-de-licitacao-7-2020-00027-a-2","status":"publish","type":"post","link":"https:\/\/oeirasdopara.pa.gov.br\/novo\/dispensa-de-licitacao-7-2020-00027-a-2\/","title":{"rendered":"DISPENSA DE LICITA\u00c7\u00c3O N\u00ba 7\/2020-00027-A"},"content":{"rendered":"<p><strong>SECRETARIA: <\/strong>DE SA\u00daDE<br \/>\n<strong>MODALIDADE: <\/strong>DISPENSA DE LICITA\u00c7\u00c3O<br \/>\n<strong>PROCESSO LICITAT\u00d3RIO: <\/strong>N\u00ba 7\/2020-00027-A<\/p>\n<p><strong>OBJETO:\u00a0<\/strong>CONTRATA\u00c7\u00c3O DE EMPRESA ESPECIALIZADA PARA AQUISI\u00c7\u00c3O DE MATERIAIS DE INSUMOS E MATERIAIS T\u00c9CNICO (AEROSOL NEBULIZADOR, APARELHO DE PA ADULTO E COBERTOR DE \u00d3BITO) QUE DEVIDO A PANDEMIA COVID-19, FAZ-SE NECESS\u00c1RIO A\u00a0 AQUISI\u00c7\u00c3O EM ATENDIMENTO \u00c0S NECESSIDADES DA SECRETARIA MUNICIPAL DE SA\u00daDE DE OEIRAS DO PAR\u00c1.<\/p>\n<p><strong>VALOR: <\/strong>R$ 3.183,00<br \/>\n<strong>EMPRESA: <\/strong>F CARDOSO E CIA LTDA<strong><br \/>\nCNPJ: <\/strong>04.949.905\/0001-63<br \/>\n<strong>CONTRATO: <\/strong>N\u00ba 20200270<br \/>\n<strong>VIG\u00caNCIA: <\/strong>14 DE ABRIL DE 2020 A 15 DE JUNHO DE 2020<br \/>\n<strong>PRAZO DE ENTREGA: <\/strong>IMEDIATO<\/p>\n<ul>\n<li><a href=\"https:\/\/www.oeirasdopara.pa.gov.br\/wp-content\/uploads\/2020\/08\/AUTORIZA\u00c7\u00c3O-DA-AUTORIDADE.pdf\">AUTORIZA\u00c7\u00c3O DA AUTORIDADE<\/a><\/li>\n<li><a href=\"https:\/\/www.oeirasdopara.pa.gov.br\/wp-content\/uploads\/2020\/08\/DECRETO.pdf\">DECRETO<\/a><\/li>\n<li><a href=\"https:\/\/www.oeirasdopara.pa.gov.br\/wp-content\/uploads\/2020\/08\/ESTIMATIVA-DE-MERCADO-MAPA-COMPARATIVO.pdf\">ESTIMATIVA DE MERCADO-MAPA COMPARATIVO<\/a><\/li>\n<li><a href=\"https:\/\/www.oeirasdopara.pa.gov.br\/wp-content\/uploads\/2020\/08\/INDICA\u00c7\u00c3O-DE-PUBLICA\u00c7\u00c3O-2.pdf\">INDICA\u00c7\u00c3O DE PUBLICA\u00c7\u00c3O (2)<\/a><\/li>\n<li><a href=\"https:\/\/www.oeirasdopara.pa.gov.br\/wp-content\/uploads\/2020\/08\/JUSTIFICATIVA-DA-RAZ\u00c3O-DE-ESCOLHA.pdf\">JUSTIFICATIVA DA RAZ\u00c3O DE ESCOLHA<\/a><\/li>\n<li><a href=\"https:\/\/www.oeirasdopara.pa.gov.br\/wp-content\/uploads\/2020\/08\/JUSTIFICATIVA-PARA-CONTRATA\u00c7\u00c3O-1.pdf\">JUSTIFICATIVA PARA CONTRATA\u00c7\u00c3O (1)<\/a><\/li>\n<li><a href=\"https:\/\/www.oeirasdopara.pa.gov.br\/wp-content\/uploads\/2020\/08\/MINUTA-DE-CONTRATO-1.pdf\">MINUTA DE CONTRATO<\/a><\/li>\n<li><a href=\"https:\/\/www.oeirasdopara.pa.gov.br\/wp-content\/uploads\/2020\/08\/PARECER-JUR\u00cdDICO.pdf\">PARECER JUR\u00cdDICO<\/a><\/li>\n<li><a href=\"https:\/\/www.oeirasdopara.pa.gov.br\/wp-content\/uploads\/2020\/08\/SOLICITA\u00c7\u00c3O-PARA-AQUISI\u00c7\u00c3O.pdf\">SOLICITA\u00c7\u00c3O PARA AQUISI\u00c7\u00c3O<\/a><\/li>\n<li><a href=\"https:\/\/www.oeirasdopara.pa.gov.br\/wp-content\/uploads\/2020\/08\/TERMO-DE-RATIFICA\u00c7\u00c3O.pdf\">TERMO DE RATIFICA\u00c7\u00c3O<\/a><\/li>\n<li><a href=\"https:\/\/www.oeirasdopara.pa.gov.br\/wp-content\/uploads\/2020\/08\/TERMO-DE-REFER\u00caNCIA-1.pdf\">TERMO DE REFER\u00caNCIA (1)<\/a><\/li>\n<\/ul>\n<p><strong>ANEXO EM FORMATO ABERTO<\/strong><\/p>\n<ul>\n<li><a href=\"https:\/\/www.oeirasdopara.pa.gov.br\/wp-content\/uploads\/2020\/08\/CONTRATO-N\u00ba-20200270-SAUDE-F-CARDOSO.pdf\">CONTRATO N\u00ba 20200270 SAUDE F CARDOSO<\/a><\/li>\n<\/ul>\n","protected":false},"excerpt":{"rendered":"<p>SECRETARIA: DE SA\u00daDE MODALIDADE: DISPENSA DE LICITA\u00c7\u00c3O PROCESSO LICITAT\u00d3RIO: N\u00ba 7\/2020-00027-A OBJETO:\u00a0CONTRATA\u00c7\u00c3O DE EMPRESA ESPECIALIZADA PARA AQUISI\u00c7\u00c3O DE MATERIAIS DE INSUMOS E MATERIAIS T\u00c9CNICO (AEROSOL NEBULIZADOR, APARELHO DE PA ADULTO E COBERTOR DE \u00d3BITO) QUE DEVIDO A PANDEMIA COVID-19, FAZ-SE NECESS\u00c1RIO A\u00a0 AQUISI\u00c7\u00c3O EM ATENDIMENTO \u00c0S NECESSIDADES DA SECRETARIA MUNICIPAL DE SA\u00daDE DE OEIRAS DO [&hellip;]<\/p>\n","protected":false},"author":8,"featured_media":0,"comment_status":"closed","ping_status":"open","sticky":false,"template":"","format":"standard","meta":{"_seopress_robots_primary_cat":"","_seopress_titles_title":"","_seopress_titles_desc":"","_seopress_robots_index":"","footnotes":""},"categories":[88,69],"tags":[],"class_list":["post-3381","post","type-post","status-publish","format-standard","hentry","category-covid-19-editais","category-editais"],"_links":{"self":[{"href":"https:\/\/oeirasdopara.pa.gov.br\/novo\/wp-json\/wp\/v2\/posts\/3381","targetHints":{"allow":["GET"]}}],"collection":[{"href":"https:\/\/oeirasdopara.pa.gov.br\/novo\/wp-json\/wp\/v2\/posts"}],"about":[{"href":"https:\/\/oeirasdopara.pa.gov.br\/novo\/wp-json\/wp\/v2\/types\/post"}],"author":[{"embeddable":true,"href":"https:\/\/oeirasdopara.pa.gov.br\/novo\/wp-json\/wp\/v2\/users\/8"}],"replies":[{"embeddable":true,"href":"https:\/\/oeirasdopara.pa.gov.br\/novo\/wp-json\/wp\/v2\/comments?post=3381"}],"version-history":[{"count":3,"href":"https:\/\/oeirasdopara.pa.gov.br\/novo\/wp-json\/wp\/v2\/posts\/3381\/revisions"}],"predecessor-version":[{"id":3451,"href":"https:\/\/oeirasdopara.pa.gov.br\/novo\/wp-json\/wp\/v2\/posts\/3381\/revisions\/3451"}],"wp:attachment":[{"href":"https:\/\/oeirasdopara.pa.gov.br\/novo\/wp-json\/wp\/v2\/media?parent=3381"}],"wp:term":[{"taxonomy":"category","embeddable":true,"href":"https:\/\/oeirasdopara.pa.gov.br\/novo\/wp-json\/wp\/v2\/categories?post=3381"},{"taxonomy":"post_tag","embeddable":true,"href":"https:\/\/oeirasdopara.pa.gov.br\/novo\/wp-json\/wp\/v2\/tags?post=3381"}],"curies":[{"name":"wp","href":"https:\/\/api.w.org\/{rel}","templated":true}]}}