{"id":3147,"date":"2020-07-16T13:42:45","date_gmt":"2020-07-16T13:42:45","guid":{"rendered":"http:\/\/www.oeirasdopara.pa.gov.br\/?p=3147"},"modified":"2020-07-20T13:14:30","modified_gmt":"2020-07-20T13:14:30","slug":"tomada-de-precos-no-2-2020-00003","status":"publish","type":"post","link":"https:\/\/oeirasdopara.pa.gov.br\/novo\/tomada-de-precos-no-2-2020-00003\/","title":{"rendered":"TOMADA DE PRE\u00c7OS N\u00ba 2\/2020-00003"},"content":{"rendered":"<p>OBJETO: CONTRATA\u00c7\u00c3O DE EMPRESA ESPECIALIZADAS EM SERVI\u00c7OS DE ENGENHARIA PARA CONSTRU\u00c7\u00c3O DA EMEF TENENTE LUIZ REBELO NA ILHA DO CA\u00cd, BLOCO COM ESTRUTURA E FECHAMENTO EM MADEIRA, CONSTRU\u00c7\u00c3O DE 02 (DUAS) SALAS DE AULA, 01 (UMA) SECRETARIA, 01 (UMA) COZINHA E 01 (UM) BANHEIRO; CONSTRU\u00c7\u00c3O DA EMEF DOM MANOEL NA LOCALIDADE PONTA DA ILHA, BLOCO COM ESTRUTURA E FECHAMENTO EM MADEIRA, CONSTITU\u00cdDA DE 04 (QUATRO) SALAS DE AULA, 01 (UMA) SECRETARIA, 01 (UMA) COZINHA E 01 (UM) BANHEIRO; E CONSTRU\u00c7\u00c3O DA EMEF BAR\u00c3O DO RIO BRANCO NO FURO DE OEIRAS, BLOCO COM ESTRUTURA E FECHAMENTO EM MADEIRA, CONSTITU\u00cdDA DE 02 (DUAS) SALAS DE AULA, 01 (UMA) SECRETARIA, 01 (UMA) COZINHA E 01 (UM) BANHEIRO.<\/p>\n<ul>\n<li><a href=\"http:\/\/www.oeirasdopara.pa.gov.br\/wp-content\/uploads\/2020\/07\/EDITAL-N\u00ba-18_2020.pdf\">EDITAL N\u00ba 18_2020<\/a><\/li>\n<li><a href=\"http:\/\/www.oeirasdopara.pa.gov.br\/wp-content\/uploads\/2020\/07\/JUSTIFICATIVA-7.pdf\">JUSTIFICATIVA<\/a><\/li>\n<li><a href=\"http:\/\/www.oeirasdopara.pa.gov.br\/wp-content\/uploads\/2020\/07\/MINUTA-DO-CONTRATO-6.pdf\">MINUTA DO CONTRATO<\/a><\/li>\n<li><a href=\"http:\/\/www.oeirasdopara.pa.gov.br\/wp-content\/uploads\/2020\/07\/PARECER-JURIDICO-4.pdf\">PARECER JURIDICO<\/a><\/li>\n<li><a href=\"http:\/\/www.oeirasdopara.pa.gov.br\/wp-content\/uploads\/2020\/07\/PLANILHA-OR\u00c7AMENT\u00c1RIA-1.pdf\">PLANILHA OR\u00c7AMENT\u00c1RIA (1)<\/a><\/li>\n<li><a href=\"http:\/\/www.oeirasdopara.pa.gov.br\/wp-content\/uploads\/2020\/07\/PLANILHA-OR\u00c7AMENT\u00c1RIA.pdf\">PLANILHA OR\u00c7AMENT\u00c1RIA<\/a><\/li>\n<li><a href=\"http:\/\/www.oeirasdopara.pa.gov.br\/wp-content\/uploads\/2020\/07\/PROEJETO-COMPLETO.pdf\">PROEJETO COMPLETO<\/a><\/li>\n<\/ul>\n","protected":false},"excerpt":{"rendered":"<p>OBJETO: CONTRATA\u00c7\u00c3O DE EMPRESA ESPECIALIZADAS EM SERVI\u00c7OS DE ENGENHARIA PARA CONSTRU\u00c7\u00c3O DA EMEF TENENTE LUIZ REBELO NA ILHA DO CA\u00cd, BLOCO COM ESTRUTURA E FECHAMENTO EM MADEIRA, CONSTRU\u00c7\u00c3O DE 02 (DUAS) SALAS DE AULA, 01 (UMA) SECRETARIA, 01 (UMA) COZINHA E 01 (UM) BANHEIRO; CONSTRU\u00c7\u00c3O DA EMEF DOM MANOEL NA LOCALIDADE PONTA DA ILHA, BLOCO [&hellip;]<\/p>\n","protected":false},"author":8,"featured_media":0,"comment_status":"closed","ping_status":"open","sticky":false,"template":"","format":"standard","meta":{"_seopress_robots_primary_cat":"","_seopress_titles_title":"","_seopress_titles_desc":"","_seopress_robots_index":"","footnotes":""},"categories":[69],"tags":[],"class_list":["post-3147","post","type-post","status-publish","format-standard","hentry","category-editais"],"_links":{"self":[{"href":"https:\/\/oeirasdopara.pa.gov.br\/novo\/wp-json\/wp\/v2\/posts\/3147","targetHints":{"allow":["GET"]}}],"collection":[{"href":"https:\/\/oeirasdopara.pa.gov.br\/novo\/wp-json\/wp\/v2\/posts"}],"about":[{"href":"https:\/\/oeirasdopara.pa.gov.br\/novo\/wp-json\/wp\/v2\/types\/post"}],"author":[{"embeddable":true,"href":"https:\/\/oeirasdopara.pa.gov.br\/novo\/wp-json\/wp\/v2\/users\/8"}],"replies":[{"embeddable":true,"href":"https:\/\/oeirasdopara.pa.gov.br\/novo\/wp-json\/wp\/v2\/comments?post=3147"}],"version-history":[{"count":3,"href":"https:\/\/oeirasdopara.pa.gov.br\/novo\/wp-json\/wp\/v2\/posts\/3147\/revisions"}],"predecessor-version":[{"id":3157,"href":"https:\/\/oeirasdopara.pa.gov.br\/novo\/wp-json\/wp\/v2\/posts\/3147\/revisions\/3157"}],"wp:attachment":[{"href":"https:\/\/oeirasdopara.pa.gov.br\/novo\/wp-json\/wp\/v2\/media?parent=3147"}],"wp:term":[{"taxonomy":"category","embeddable":true,"href":"https:\/\/oeirasdopara.pa.gov.br\/novo\/wp-json\/wp\/v2\/categories?post=3147"},{"taxonomy":"post_tag","embeddable":true,"href":"https:\/\/oeirasdopara.pa.gov.br\/novo\/wp-json\/wp\/v2\/tags?post=3147"}],"curies":[{"name":"wp","href":"https:\/\/api.w.org\/{rel}","templated":true}]}}