{"id":3087,"date":"2020-07-10T14:38:39","date_gmt":"2020-07-10T14:38:39","guid":{"rendered":"http:\/\/www.oeirasdopara.pa.gov.br\/?p=3087"},"modified":"2020-07-10T15:01:45","modified_gmt":"2020-07-10T15:01:45","slug":"pregao-presencial-srp-no-9-2020-00003","status":"publish","type":"post","link":"https:\/\/oeirasdopara.pa.gov.br\/novo\/pregao-presencial-srp-no-9-2020-00003\/","title":{"rendered":"PREG\u00c3O PRESENCIAL SRP N\u00ba 9\/2020-00003"},"content":{"rendered":"<p><strong>OBJETO: <\/strong>CONTRATA\u00c7\u00c3O DE EMPRESA FORNECEDORA DE MATERIAL DE EXPEDIENTE DID\u00c1TICO PEDAG\u00d3GICOS, EM ATENDIMENTO AS NECESSIDADES DA PREFEITURA DE OEIRAS DO PAR\u00c1, ATRAV\u00c9S DAS SECRETARIAS E FUNDOS MUNICIPAIS VINCULADOS.<\/p>\n<ul>\n<li><strong><a href=\"http:\/\/www.oeirasdopara.pa.gov.br\/wp-content\/uploads\/2020\/07\/EDITAL-N\u00ba-14_2020.pdf\">EDITAL N\u00ba 14_2020<\/a><\/strong><\/li>\n<li><strong> <a href=\"http:\/\/www.oeirasdopara.pa.gov.br\/wp-content\/uploads\/2020\/07\/JUSTIFICATIVA-4.pdf\">JUSTIFICATIVA<\/a><\/strong><\/li>\n<li><strong> <a href=\"http:\/\/www.oeirasdopara.pa.gov.br\/wp-content\/uploads\/2020\/07\/MINUTA-DE-CONTRATO-2.pdf\">MINUTA DE CONTRATO<\/a><\/strong><\/li>\n<li><strong> <a href=\"http:\/\/www.oeirasdopara.pa.gov.br\/wp-content\/uploads\/2020\/07\/OR\u00c7AMENTO-ESTIMADO-5.pdf\">OR\u00c7AMENTO ESTIMADO<\/a><\/strong><\/li>\n<li><strong> <a href=\"http:\/\/www.oeirasdopara.pa.gov.br\/wp-content\/uploads\/2020\/07\/PARECER-JURIDICO-3.pdf\">PARECER JURIDICO<\/a><\/strong><\/li>\n<li><strong> <a href=\"http:\/\/www.oeirasdopara.pa.gov.br\/wp-content\/uploads\/2020\/07\/PESQUISA-DE-PRE\u00c7O-4.pdf\">PESQUISA DE PRE\u00c7O<\/a><\/strong><\/li>\n<li><strong> <a href=\"http:\/\/www.oeirasdopara.pa.gov.br\/wp-content\/uploads\/2020\/07\/TERMO-DE-REFER\u00caNCIA-5.pdf\">TERMO DE REFER\u00caNCIA<\/a><\/strong><\/li>\n<\/ul>\n","protected":false},"excerpt":{"rendered":"<p>OBJETO: CONTRATA\u00c7\u00c3O DE EMPRESA FORNECEDORA DE MATERIAL DE EXPEDIENTE DID\u00c1TICO PEDAG\u00d3GICOS, EM ATENDIMENTO AS NECESSIDADES DA PREFEITURA DE OEIRAS DO PAR\u00c1, ATRAV\u00c9S DAS SECRETARIAS E FUNDOS MUNICIPAIS VINCULADOS. EDITAL N\u00ba 14_2020 JUSTIFICATIVA MINUTA DE CONTRATO OR\u00c7AMENTO ESTIMADO PARECER JURIDICO PESQUISA DE PRE\u00c7O TERMO DE REFER\u00caNCIA<\/p>\n","protected":false},"author":8,"featured_media":0,"comment_status":"closed","ping_status":"open","sticky":false,"template":"","format":"standard","meta":{"_seopress_robots_primary_cat":"","_seopress_titles_title":"","_seopress_titles_desc":"","_seopress_robots_index":"","footnotes":""},"categories":[69],"tags":[],"class_list":["post-3087","post","type-post","status-publish","format-standard","hentry","category-editais"],"_links":{"self":[{"href":"https:\/\/oeirasdopara.pa.gov.br\/novo\/wp-json\/wp\/v2\/posts\/3087","targetHints":{"allow":["GET"]}}],"collection":[{"href":"https:\/\/oeirasdopara.pa.gov.br\/novo\/wp-json\/wp\/v2\/posts"}],"about":[{"href":"https:\/\/oeirasdopara.pa.gov.br\/novo\/wp-json\/wp\/v2\/types\/post"}],"author":[{"embeddable":true,"href":"https:\/\/oeirasdopara.pa.gov.br\/novo\/wp-json\/wp\/v2\/users\/8"}],"replies":[{"embeddable":true,"href":"https:\/\/oeirasdopara.pa.gov.br\/novo\/wp-json\/wp\/v2\/comments?post=3087"}],"version-history":[{"count":3,"href":"https:\/\/oeirasdopara.pa.gov.br\/novo\/wp-json\/wp\/v2\/posts\/3087\/revisions"}],"predecessor-version":[{"id":3097,"href":"https:\/\/oeirasdopara.pa.gov.br\/novo\/wp-json\/wp\/v2\/posts\/3087\/revisions\/3097"}],"wp:attachment":[{"href":"https:\/\/oeirasdopara.pa.gov.br\/novo\/wp-json\/wp\/v2\/media?parent=3087"}],"wp:term":[{"taxonomy":"category","embeddable":true,"href":"https:\/\/oeirasdopara.pa.gov.br\/novo\/wp-json\/wp\/v2\/categories?post=3087"},{"taxonomy":"post_tag","embeddable":true,"href":"https:\/\/oeirasdopara.pa.gov.br\/novo\/wp-json\/wp\/v2\/tags?post=3087"}],"curies":[{"name":"wp","href":"https:\/\/api.w.org\/{rel}","templated":true}]}}