{"id":3039,"date":"2020-07-06T15:23:57","date_gmt":"2020-07-06T15:23:57","guid":{"rendered":"http:\/\/www.oeirasdopara.pa.gov.br\/?p=3039"},"modified":"2020-07-07T14:30:18","modified_gmt":"2020-07-07T14:30:18","slug":"pregao-presencial-por-srp-no-9-2020-00004","status":"publish","type":"post","link":"https:\/\/oeirasdopara.pa.gov.br\/novo\/pregao-presencial-por-srp-no-9-2020-00004\/","title":{"rendered":"PREG\u00c3O PRESENCIAL POR SRP N\u00ba 9\/2020-00004"},"content":{"rendered":"<p><strong>OBJETO:\u00a0<\/strong>CONTRATA\u00c7\u00c3O DE EMPRESA FORNECEDORA DE MAT\u00c9RIAS DE HIGIENE E LIMPEZA, EM ATENDIMENTO AS NECESSIDADES DA PREFEITURA DE OEIRAS DO PAR\u00c1, ATRAV\u00c9S DAS SECRETARIAS E FUNDOS MUNICIPAIS VINCULADOS.<\/p>\n<ul>\n<li><a href=\"http:\/\/www.oeirasdopara.pa.gov.br\/wp-content\/uploads\/2020\/07\/ADJUDICA\u00c7\u00c3O.pdf\">ADJUDICA\u00c7\u00c3O<\/a><\/li>\n<li><a href=\"http:\/\/www.oeirasdopara.pa.gov.br\/wp-content\/uploads\/2020\/07\/ATA-DA-SESS\u00c3O-2.pdf\">ATA DA SESS\u00c3O<\/a><\/li>\n<li><a href=\"http:\/\/www.oeirasdopara.pa.gov.br\/wp-content\/uploads\/2020\/07\/ATA-DE-REGISTRO-DE-PRE\u00c7O.pdf\">ATA DE REGISTRO DE PRE\u00c7O<\/a><\/li>\n<li><a href=\"http:\/\/www.oeirasdopara.pa.gov.br\/wp-content\/uploads\/2020\/07\/EDITAL-N-08_2020-CPL_PMOP.pdf\">EDITAL N 08_2020 &#8211; CPL_PMOP<\/a><\/li>\n<li><a href=\"http:\/\/www.oeirasdopara.pa.gov.br\/wp-content\/uploads\/2020\/07\/HOMOLOGA\u00c7\u00c3O.pdf\">HOMOLOGA\u00c7\u00c3O<\/a><\/li>\n<li><a href=\"http:\/\/www.oeirasdopara.pa.gov.br\/wp-content\/uploads\/2020\/07\/JUSTIFICATIVA-2.pdf\">JUSTIFICATIVA<\/a><\/li>\n<li><a href=\"http:\/\/www.oeirasdopara.pa.gov.br\/wp-content\/uploads\/2020\/07\/MINUTA-DE-CONTRATO.pdf\">MINUTA DE CONTRATO<\/a><\/li>\n<li><a href=\"http:\/\/www.oeirasdopara.pa.gov.br\/wp-content\/uploads\/2020\/07\/OR\u00c7AMENTO-ESTIMADO-2.pdf\">OR\u00c7AMENTO ESTIMADO<\/a><\/li>\n<li><a href=\"http:\/\/www.oeirasdopara.pa.gov.br\/wp-content\/uploads\/2020\/07\/PARECER-DO-CONTROLE-INTERNO.pdf\">PARECER DO CONTROLE INTERNO<\/a><\/li>\n<li><a href=\"http:\/\/www.oeirasdopara.pa.gov.br\/wp-content\/uploads\/2020\/07\/PARECER-JUR\u00cdDICO.pdf\">PARECER JUR\u00cdDICO<\/a><\/li>\n<li><a href=\"http:\/\/www.oeirasdopara.pa.gov.br\/wp-content\/uploads\/2020\/07\/PESQUISA-DE-PRE\u00c7O-2.pdf\">PESQUISA DE PRE\u00c7O<\/a><\/li>\n<li><a href=\"http:\/\/www.oeirasdopara.pa.gov.br\/wp-content\/uploads\/2020\/07\/TERMO-DE-REFER\u00caNCIA-2.pdf\">TERMO DE REFER\u00caNCIA<\/a><\/li>\n<\/ul>\n","protected":false},"excerpt":{"rendered":"<p>OBJETO:\u00a0CONTRATA\u00c7\u00c3O DE EMPRESA FORNECEDORA DE MAT\u00c9RIAS DE HIGIENE E LIMPEZA, EM ATENDIMENTO AS NECESSIDADES DA PREFEITURA DE OEIRAS DO PAR\u00c1, ATRAV\u00c9S DAS SECRETARIAS E FUNDOS MUNICIPAIS VINCULADOS. ADJUDICA\u00c7\u00c3O ATA DA SESS\u00c3O ATA DE REGISTRO DE PRE\u00c7O EDITAL N 08_2020 &#8211; CPL_PMOP HOMOLOGA\u00c7\u00c3O JUSTIFICATIVA MINUTA DE CONTRATO OR\u00c7AMENTO ESTIMADO PARECER DO CONTROLE INTERNO PARECER JUR\u00cdDICO PESQUISA [&hellip;]<\/p>\n","protected":false},"author":8,"featured_media":0,"comment_status":"closed","ping_status":"open","sticky":false,"template":"","format":"standard","meta":{"_seopress_robots_primary_cat":"","_seopress_titles_title":"","_seopress_titles_desc":"","_seopress_robots_index":"","footnotes":""},"categories":[69],"tags":[],"class_list":["post-3039","post","type-post","status-publish","format-standard","hentry","category-editais"],"_links":{"self":[{"href":"https:\/\/oeirasdopara.pa.gov.br\/novo\/wp-json\/wp\/v2\/posts\/3039","targetHints":{"allow":["GET"]}}],"collection":[{"href":"https:\/\/oeirasdopara.pa.gov.br\/novo\/wp-json\/wp\/v2\/posts"}],"about":[{"href":"https:\/\/oeirasdopara.pa.gov.br\/novo\/wp-json\/wp\/v2\/types\/post"}],"author":[{"embeddable":true,"href":"https:\/\/oeirasdopara.pa.gov.br\/novo\/wp-json\/wp\/v2\/users\/8"}],"replies":[{"embeddable":true,"href":"https:\/\/oeirasdopara.pa.gov.br\/novo\/wp-json\/wp\/v2\/comments?post=3039"}],"version-history":[{"count":3,"href":"https:\/\/oeirasdopara.pa.gov.br\/novo\/wp-json\/wp\/v2\/posts\/3039\/revisions"}],"predecessor-version":[{"id":3055,"href":"https:\/\/oeirasdopara.pa.gov.br\/novo\/wp-json\/wp\/v2\/posts\/3039\/revisions\/3055"}],"wp:attachment":[{"href":"https:\/\/oeirasdopara.pa.gov.br\/novo\/wp-json\/wp\/v2\/media?parent=3039"}],"wp:term":[{"taxonomy":"category","embeddable":true,"href":"https:\/\/oeirasdopara.pa.gov.br\/novo\/wp-json\/wp\/v2\/categories?post=3039"},{"taxonomy":"post_tag","embeddable":true,"href":"https:\/\/oeirasdopara.pa.gov.br\/novo\/wp-json\/wp\/v2\/tags?post=3039"}],"curies":[{"name":"wp","href":"https:\/\/api.w.org\/{rel}","templated":true}]}}