{"id":3026,"date":"2020-07-06T12:35:48","date_gmt":"2020-07-06T12:35:48","guid":{"rendered":"http:\/\/www.oeirasdopara.pa.gov.br\/?p=3026"},"modified":"2020-07-06T13:00:21","modified_gmt":"2020-07-06T13:00:21","slug":"pregao-presencial-por-srp-no-9-2020-00008","status":"publish","type":"post","link":"https:\/\/oeirasdopara.pa.gov.br\/novo\/pregao-presencial-por-srp-no-9-2020-00008\/","title":{"rendered":"PREG\u00c3O PRESENCIAL POR SRP N\u00ba 9\/2020-00008"},"content":{"rendered":"<p><strong>OBJETO:\u00a0<\/strong>CONTRATA\u00c7\u00c3O DE EMPRESA PARA FUTURA E EVENTUAL PRESTA\u00c7\u00c3O DE SERVI\u00c7OS DE FORNECIMENTOS DE PASSAGENS, FRENTES E TRANSPORTES DE CARGAS FLUVIAIS, EM ATENDIMENTO AS NECESSIDADES DA PREFEITURA DE OEIRAS DO PAR\u00c1, ATRAV\u00c9S DAS SECRETARIAS E FUNDOS MUNICIPAIS VINCULADOS.<\/p>\n<ul>\n<li><a href=\"http:\/\/www.oeirasdopara.pa.gov.br\/wp-content\/uploads\/2020\/07\/ATA-DA-SESS\u00c3O-1.pdf\">ATA DA SESS\u00c3O (1)<\/a><\/li>\n<li><a href=\"http:\/\/www.oeirasdopara.pa.gov.br\/wp-content\/uploads\/2020\/07\/ATA-DA-SESS\u00c3O.pdf\">ATA DA SESS\u00c3O<\/a><\/li>\n<li><a href=\"http:\/\/www.oeirasdopara.pa.gov.br\/wp-content\/uploads\/2020\/07\/EDITAL-N\u00ba-12_2020.pdf\">EDITAL N\u00ba 12_2020<\/a><\/li>\n<li><a href=\"http:\/\/www.oeirasdopara.pa.gov.br\/wp-content\/uploads\/2020\/07\/JUSTIFICATIVA-1.pdf\">JUSTIFICATIVA<\/a><\/li>\n<li><a href=\"http:\/\/www.oeirasdopara.pa.gov.br\/wp-content\/uploads\/2020\/07\/MINUTA-DO-CONTRATO-1.pdf\">MINUTA DO CONTRATO<\/a><\/li>\n<li><a href=\"http:\/\/www.oeirasdopara.pa.gov.br\/wp-content\/uploads\/2020\/07\/OR\u00c7AMENTO-ESTIMADO-1.pdf\">OR\u00c7AMENTO ESTIMADO<\/a><\/li>\n<li><a href=\"http:\/\/www.oeirasdopara.pa.gov.br\/wp-content\/uploads\/2020\/07\/PARECER-JURIDICO-1.pdf\">PARECER JURIDICO<\/a><\/li>\n<li><a href=\"http:\/\/www.oeirasdopara.pa.gov.br\/wp-content\/uploads\/2020\/07\/PESQUISA-DE-PRE\u00c7O-1.pdf\">PESQUISA DE PRE\u00c7O<\/a><\/li>\n<li><a href=\"http:\/\/www.oeirasdopara.pa.gov.br\/wp-content\/uploads\/2020\/07\/TERMO-DE-REFER\u00caNCIA-1.pdf\">TERMO DE REFER\u00caNCIA<\/a><\/li>\n<\/ul>\n","protected":false},"excerpt":{"rendered":"<p>OBJETO:\u00a0CONTRATA\u00c7\u00c3O DE EMPRESA PARA FUTURA E EVENTUAL PRESTA\u00c7\u00c3O DE SERVI\u00c7OS DE FORNECIMENTOS DE PASSAGENS, FRENTES E TRANSPORTES DE CARGAS FLUVIAIS, EM ATENDIMENTO AS NECESSIDADES DA PREFEITURA DE OEIRAS DO PAR\u00c1, ATRAV\u00c9S DAS SECRETARIAS E FUNDOS MUNICIPAIS VINCULADOS. ATA DA SESS\u00c3O (1) ATA DA SESS\u00c3O EDITAL N\u00ba 12_2020 JUSTIFICATIVA MINUTA DO CONTRATO OR\u00c7AMENTO ESTIMADO PARECER JURIDICO [&hellip;]<\/p>\n","protected":false},"author":8,"featured_media":0,"comment_status":"closed","ping_status":"open","sticky":false,"template":"","format":"standard","meta":{"_seopress_robots_primary_cat":"","_seopress_titles_title":"","_seopress_titles_desc":"","_seopress_robots_index":"","footnotes":""},"categories":[69],"tags":[],"class_list":["post-3026","post","type-post","status-publish","format-standard","hentry","category-editais"],"_links":{"self":[{"href":"https:\/\/oeirasdopara.pa.gov.br\/novo\/wp-json\/wp\/v2\/posts\/3026","targetHints":{"allow":["GET"]}}],"collection":[{"href":"https:\/\/oeirasdopara.pa.gov.br\/novo\/wp-json\/wp\/v2\/posts"}],"about":[{"href":"https:\/\/oeirasdopara.pa.gov.br\/novo\/wp-json\/wp\/v2\/types\/post"}],"author":[{"embeddable":true,"href":"https:\/\/oeirasdopara.pa.gov.br\/novo\/wp-json\/wp\/v2\/users\/8"}],"replies":[{"embeddable":true,"href":"https:\/\/oeirasdopara.pa.gov.br\/novo\/wp-json\/wp\/v2\/comments?post=3026"}],"version-history":[{"count":3,"href":"https:\/\/oeirasdopara.pa.gov.br\/novo\/wp-json\/wp\/v2\/posts\/3026\/revisions"}],"predecessor-version":[{"id":3038,"href":"https:\/\/oeirasdopara.pa.gov.br\/novo\/wp-json\/wp\/v2\/posts\/3026\/revisions\/3038"}],"wp:attachment":[{"href":"https:\/\/oeirasdopara.pa.gov.br\/novo\/wp-json\/wp\/v2\/media?parent=3026"}],"wp:term":[{"taxonomy":"category","embeddable":true,"href":"https:\/\/oeirasdopara.pa.gov.br\/novo\/wp-json\/wp\/v2\/categories?post=3026"},{"taxonomy":"post_tag","embeddable":true,"href":"https:\/\/oeirasdopara.pa.gov.br\/novo\/wp-json\/wp\/v2\/tags?post=3026"}],"curies":[{"name":"wp","href":"https:\/\/api.w.org\/{rel}","templated":true}]}}