{"id":3015,"date":"2020-07-06T12:08:23","date_gmt":"2020-07-06T12:08:23","guid":{"rendered":"http:\/\/www.oeirasdopara.pa.gov.br\/?p=3015"},"modified":"2020-07-06T12:28:20","modified_gmt":"2020-07-06T12:28:20","slug":"pregao-presencial-por-srp-no-9-2020-00005","status":"publish","type":"post","link":"https:\/\/oeirasdopara.pa.gov.br\/novo\/pregao-presencial-por-srp-no-9-2020-00005\/","title":{"rendered":"PREG\u00c3O PRESENCIAL POR SRP N\u00ba 9\/2020-00005"},"content":{"rendered":"<p><strong>OBJETO:<\/strong>\u00a0 AQUISI\u00c7\u00c3O DE MATERIAIS DE CONSTRU\u00c7\u00c3O DIVERSOS, PARA ATENDER AS DEMANDAS DA PREFEITURA, SECRETARIA E FUNDOS MUNICIPAIS VINCULADOS DO MUNIC\u00cdPIO DE OEIRAS DO PAR\u00c1.<\/p>\n<ul>\n<li><strong><a href=\"http:\/\/www.oeirasdopara.pa.gov.br\/wp-content\/uploads\/2020\/07\/EDITAL-N\u00ba-13_2020.pdf\">EDITAL N\u00ba 13_2020<\/a><\/strong><\/li>\n<li><strong> <a href=\"http:\/\/www.oeirasdopara.pa.gov.br\/wp-content\/uploads\/2020\/07\/JUSTIFICATIVA.pdf\">JUSTIFICATIVA<\/a><\/strong><\/li>\n<li><strong> <a href=\"http:\/\/www.oeirasdopara.pa.gov.br\/wp-content\/uploads\/2020\/07\/MINUTA-DO-CONTRATO.pdf\">MINUTA DO CONTRATO<\/a><\/strong><\/li>\n<li><strong> <a href=\"http:\/\/www.oeirasdopara.pa.gov.br\/wp-content\/uploads\/2020\/07\/OR\u00c7AMENTO-ESTIMADO.pdf\">OR\u00c7AMENTO ESTIMADO<\/a><\/strong><\/li>\n<li><strong> <a href=\"http:\/\/www.oeirasdopara.pa.gov.br\/wp-content\/uploads\/2020\/07\/PARECER-JURIDICO.pdf\">PARECER JURIDICO<\/a><\/strong><\/li>\n<li><strong> <a href=\"http:\/\/www.oeirasdopara.pa.gov.br\/wp-content\/uploads\/2020\/07\/PESQUISA-DE-PRE\u00c7O.pdf\">PESQUISA DE PRE\u00c7O<\/a><\/strong><\/li>\n<li><strong> <a href=\"http:\/\/www.oeirasdopara.pa.gov.br\/wp-content\/uploads\/2020\/07\/TERMO-DE-REFER\u00caNCIA.pdf\">TERMO DE REFER\u00caNCIA<\/a><\/strong><\/li>\n<\/ul>\n","protected":false},"excerpt":{"rendered":"<p>OBJETO:\u00a0 AQUISI\u00c7\u00c3O DE MATERIAIS DE CONSTRU\u00c7\u00c3O DIVERSOS, PARA ATENDER AS DEMANDAS DA PREFEITURA, SECRETARIA E FUNDOS MUNICIPAIS VINCULADOS DO MUNIC\u00cdPIO DE OEIRAS DO PAR\u00c1. EDITAL N\u00ba 13_2020 JUSTIFICATIVA MINUTA DO CONTRATO OR\u00c7AMENTO ESTIMADO PARECER JURIDICO PESQUISA DE PRE\u00c7O TERMO DE REFER\u00caNCIA<\/p>\n","protected":false},"author":8,"featured_media":0,"comment_status":"closed","ping_status":"open","sticky":false,"template":"","format":"standard","meta":{"_seopress_robots_primary_cat":"","_seopress_titles_title":"","_seopress_titles_desc":"","_seopress_robots_index":"","footnotes":""},"categories":[69],"tags":[],"class_list":["post-3015","post","type-post","status-publish","format-standard","hentry","category-editais"],"_links":{"self":[{"href":"https:\/\/oeirasdopara.pa.gov.br\/novo\/wp-json\/wp\/v2\/posts\/3015","targetHints":{"allow":["GET"]}}],"collection":[{"href":"https:\/\/oeirasdopara.pa.gov.br\/novo\/wp-json\/wp\/v2\/posts"}],"about":[{"href":"https:\/\/oeirasdopara.pa.gov.br\/novo\/wp-json\/wp\/v2\/types\/post"}],"author":[{"embeddable":true,"href":"https:\/\/oeirasdopara.pa.gov.br\/novo\/wp-json\/wp\/v2\/users\/8"}],"replies":[{"embeddable":true,"href":"https:\/\/oeirasdopara.pa.gov.br\/novo\/wp-json\/wp\/v2\/comments?post=3015"}],"version-history":[{"count":3,"href":"https:\/\/oeirasdopara.pa.gov.br\/novo\/wp-json\/wp\/v2\/posts\/3015\/revisions"}],"predecessor-version":[{"id":3025,"href":"https:\/\/oeirasdopara.pa.gov.br\/novo\/wp-json\/wp\/v2\/posts\/3015\/revisions\/3025"}],"wp:attachment":[{"href":"https:\/\/oeirasdopara.pa.gov.br\/novo\/wp-json\/wp\/v2\/media?parent=3015"}],"wp:term":[{"taxonomy":"category","embeddable":true,"href":"https:\/\/oeirasdopara.pa.gov.br\/novo\/wp-json\/wp\/v2\/categories?post=3015"},{"taxonomy":"post_tag","embeddable":true,"href":"https:\/\/oeirasdopara.pa.gov.br\/novo\/wp-json\/wp\/v2\/tags?post=3015"}],"curies":[{"name":"wp","href":"https:\/\/api.w.org\/{rel}","templated":true}]}}