{"id":3012,"date":"2020-07-01T12:25:54","date_gmt":"2020-07-01T12:25:54","guid":{"rendered":"http:\/\/www.oeirasdopara.pa.gov.br\/?p=3012"},"modified":"2020-08-10T18:19:58","modified_gmt":"2020-08-10T18:19:58","slug":"dispensa-de-licitacao-7-2020-00032","status":"publish","type":"post","link":"https:\/\/oeirasdopara.pa.gov.br\/novo\/dispensa-de-licitacao-7-2020-00032\/","title":{"rendered":"DISPENSA DE LICITA\u00c7\u00c3O 7\/2020-00032"},"content":{"rendered":"<p><strong>SECRETARIA:\u00a0<\/strong> DE SA\u00daDE<br \/>\n<strong>MODALIDADE: <\/strong>DISPENSA DE LICITA\u00c7\u00c3O<br \/>\n<strong>PROCESSO LICITAT\u00d3RIO:\u00a0<\/strong>7\/2020-00032<br \/>\n<strong>OBJETO: <\/strong>CONTRATA\u00c7\u00c3O DE PROFISSIONAL T\u00c9CNICO ESPECIALIZADO, MEDICO CL\u00cdNICO GERAL, PARA ATENDIMENTO NA ATEN\u00c7\u00c3O B\u00c1SICA DE SA\u00daDE, UNIDADE SENTINELA AO COMBATE O CORONAV\u00cdRUS- UBS DR LEANDRO, AS SEXTA-FEIRAS E AOS FINS DE SEMANA E PLANT\u00c3O NO HOSPITAL DE PEQUENO PORTE MUNICIPAL NO ENFRENTAMENTO DO CORONAV\u00cdRUS.<br \/>\n<strong>VALOR:\u00a0<\/strong>51.462,00 CINQUENTA E UM MIL, QUATROCENTOS E SESSENTA E DOIS REAIS).<\/p>\n<p><strong>EMPRESA: <\/strong>MARLON LUIZ MIRANDA MORAES<strong><br \/>\nCNPJ: <\/strong>989.551.362-34<strong><br \/>\n<\/strong><strong>CONTRATO: <\/strong>N\u00ba 20200342<br \/>\n<strong>VIG\u00caNCIA: <\/strong>15 DE MAIO DE 2020 A 15 DE JUNHO DE 2020<br \/>\n<strong>PRAZO DE ENTREGA:\u00a0<\/strong>IMEDIATO<\/p>\n<ul>\n<li><a href=\"http:\/\/www.oeirasdopara.pa.gov.br\/wp-content\/uploads\/2020\/07\/AUTORIZA\u00c7\u00c3O-DA-AUTORIDADE.pdf\">AUTORIZA\u00c7\u00c3O DA AUTORIDADE<\/a><\/li>\n<li><a href=\"http:\/\/www.oeirasdopara.pa.gov.br\/wp-content\/uploads\/2020\/07\/DECRETO-DE-SITUA\u00c7\u00c3O-EMERGENCIAL.pdf\">DECRETO DE SITUA\u00c7\u00c3O EMERGENCIAL<\/a><\/li>\n<li><a href=\"http:\/\/www.oeirasdopara.pa.gov.br\/wp-content\/uploads\/2020\/07\/INDICA\u00c7\u00c3O-DE-PUBLICA\u00c7\u00c3O.pdf\">INDICA\u00c7\u00c3O DE PUBLICA\u00c7\u00c3O<\/a><\/li>\n<li><a href=\"http:\/\/www.oeirasdopara.pa.gov.br\/wp-content\/uploads\/2020\/07\/JUSTIFICATIVA-DA-ESCOLHA.pdf\">JUSTIFICATIVA DA ESCOLHA<\/a><\/li>\n<li><a href=\"http:\/\/www.oeirasdopara.pa.gov.br\/wp-content\/uploads\/2020\/07\/JUSTIFICATIVA-PARA-CONTRATA\u00c7\u00c3O.pdf\">JUSTIFICATIVA PARA CONTRATA\u00c7\u00c3O<\/a><\/li>\n<li><a href=\"http:\/\/www.oeirasdopara.pa.gov.br\/wp-content\/uploads\/2020\/07\/MINUTA-DO-CONTRATO-2.pdf\">MINUTA DO CONTRATO<\/a><\/li>\n<li><a href=\"http:\/\/www.oeirasdopara.pa.gov.br\/wp-content\/uploads\/2020\/07\/OR\u00c7AMENTO-ESTIMADO-4.pdf\">OR\u00c7AMENTO ESTIMADO<\/a><\/li>\n<li><a href=\"http:\/\/www.oeirasdopara.pa.gov.br\/wp-content\/uploads\/2020\/07\/PARECER-JURIDICO-2.pdf\">PARECER JURIDICO<\/a><\/li>\n<li><a href=\"http:\/\/www.oeirasdopara.pa.gov.br\/wp-content\/uploads\/2020\/07\/RATIFICA\u00c7\u00c3O.pdf\">RATIFICA\u00c7\u00c3O<\/a><\/li>\n<li><a href=\"http:\/\/www.oeirasdopara.pa.gov.br\/wp-content\/uploads\/2020\/07\/SOLICITA\u00c7\u00c3O-PARA-CONTRATA\u00c7\u00c3O.pdf\">SOLICITA\u00c7\u00c3O PARA CONTRATA\u00c7\u00c3O<\/a><\/li>\n<li><a href=\"http:\/\/www.oeirasdopara.pa.gov.br\/wp-content\/uploads\/2020\/07\/TERMO-DE-REFER\u00caNCIA-4.pdf\">TERMO DE REFER\u00caNCIA<\/a><\/li>\n<\/ul>\n<p><strong>ANEXO EM FORMATO ABERTO<\/strong><\/p>\n<ul>\n<li><a href=\"https:\/\/www.oeirasdopara.pa.gov.br\/wp-content\/uploads\/2020\/07\/CONTRATO-N\u00ba-20200342-SAUDE-MARLON-LUIS-MIRANDA.pdf\">CONTRATO N\u00ba 20200342 SAUDE MARLON LUIS MIRANDA<\/a><\/li>\n<\/ul>\n","protected":false},"excerpt":{"rendered":"<p>SECRETARIA:\u00a0 DE SA\u00daDE MODALIDADE: DISPENSA DE LICITA\u00c7\u00c3O PROCESSO LICITAT\u00d3RIO:\u00a07\/2020-00032 OBJETO: CONTRATA\u00c7\u00c3O DE PROFISSIONAL T\u00c9CNICO ESPECIALIZADO, MEDICO CL\u00cdNICO GERAL, PARA ATENDIMENTO NA ATEN\u00c7\u00c3O B\u00c1SICA DE SA\u00daDE, UNIDADE SENTINELA AO COMBATE O CORONAV\u00cdRUS- UBS DR LEANDRO, AS SEXTA-FEIRAS E AOS FINS DE SEMANA E PLANT\u00c3O NO HOSPITAL DE PEQUENO PORTE MUNICIPAL NO ENFRENTAMENTO DO CORONAV\u00cdRUS. VALOR:\u00a051.462,00 CINQUENTA [&hellip;]<\/p>\n","protected":false},"author":8,"featured_media":0,"comment_status":"closed","ping_status":"open","sticky":false,"template":"","format":"standard","meta":{"_seopress_robots_primary_cat":"","_seopress_titles_title":"","_seopress_titles_desc":"","_seopress_robots_index":"","footnotes":""},"categories":[88,69],"tags":[],"class_list":["post-3012","post","type-post","status-publish","format-standard","hentry","category-covid-19-editais","category-editais"],"_links":{"self":[{"href":"https:\/\/oeirasdopara.pa.gov.br\/novo\/wp-json\/wp\/v2\/posts\/3012","targetHints":{"allow":["GET"]}}],"collection":[{"href":"https:\/\/oeirasdopara.pa.gov.br\/novo\/wp-json\/wp\/v2\/posts"}],"about":[{"href":"https:\/\/oeirasdopara.pa.gov.br\/novo\/wp-json\/wp\/v2\/types\/post"}],"author":[{"embeddable":true,"href":"https:\/\/oeirasdopara.pa.gov.br\/novo\/wp-json\/wp\/v2\/users\/8"}],"replies":[{"embeddable":true,"href":"https:\/\/oeirasdopara.pa.gov.br\/novo\/wp-json\/wp\/v2\/comments?post=3012"}],"version-history":[{"count":11,"href":"https:\/\/oeirasdopara.pa.gov.br\/novo\/wp-json\/wp\/v2\/posts\/3012\/revisions"}],"predecessor-version":[{"id":3014,"href":"https:\/\/oeirasdopara.pa.gov.br\/novo\/wp-json\/wp\/v2\/posts\/3012\/revisions\/3014"}],"wp:attachment":[{"href":"https:\/\/oeirasdopara.pa.gov.br\/novo\/wp-json\/wp\/v2\/media?parent=3012"}],"wp:term":[{"taxonomy":"category","embeddable":true,"href":"https:\/\/oeirasdopara.pa.gov.br\/novo\/wp-json\/wp\/v2\/categories?post=3012"},{"taxonomy":"post_tag","embeddable":true,"href":"https:\/\/oeirasdopara.pa.gov.br\/novo\/wp-json\/wp\/v2\/tags?post=3012"}],"curies":[{"name":"wp","href":"https:\/\/api.w.org\/{rel}","templated":true}]}}