{"id":3009,"date":"2020-06-30T13:02:30","date_gmt":"2020-06-30T13:02:30","guid":{"rendered":"http:\/\/www.oeirasdopara.pa.gov.br\/?p=3009"},"modified":"2020-08-10T19:00:39","modified_gmt":"2020-08-10T19:00:39","slug":"dispensa-de-licitacao-no-7-2020-00028-a","status":"publish","type":"post","link":"https:\/\/oeirasdopara.pa.gov.br\/novo\/dispensa-de-licitacao-no-7-2020-00028-a\/","title":{"rendered":"DISPENSA DE LICITA\u00c7\u00c3O N\u00ba 7\/2020-00028-A"},"content":{"rendered":"<p><strong>SECRETARIA:\u00a0<\/strong>SA\u00daDE<br \/>\n<strong>MODALIDADE: <\/strong>DISPENSA DE LICITA\u00c7\u00c3O<br \/>\n<strong>PROCESSO LICITAT\u00d3RIO: <\/strong>7\/2020-00028-A<\/p>\n<p><strong>OBJETO:\u00a0<\/strong>CONTRATA\u00c7\u00c3O DE EMPRESA ESPECIALIZADA PARA LOCA\u00c7\u00c3O DE EMBARCA\u00c7\u00c3O ESTILO VOADEIRA, PARA ATUAR NA FISCALIZA\u00c7\u00c3O NAS BARREIRAS SANIT\u00c1RIAS NAS PRINCIPAIS VIAS FLUVIAIS DE ACESSO AO MUNIC\u00cdPIO E PARA TRANSPORTE DE EQUIPAMENTOS E MATERIAIS AT\u00c9 A PONTE DO RIO ANAUER\u00c1 E EQUIPE MULTIDISCIPLINARES NOS ATENDIMENTOS ITINERANTES EM COMUNIDADES RIBEIRINHAS FRENTE AO ENFRENTAMENTO DO COVIDE-19.<\/p>\n<p><strong>VALOR: <\/strong>R$ 22.500,00 (VINTE E DOIS MIL, QUINHENTOS REAIS)<br \/>\n<strong>EMPRESA: <\/strong>JOSE MAX MACHADO DE SENA &#8211; ME<br \/>\n<strong>CNPJ:<\/strong> 25.033.801\/0001-84<br \/>\n<strong>CONTRATO: <\/strong>N\u00ba 20200343<br \/>\n<strong>VIG\u00caNCIA:\u00a0<\/strong>20 DE ABRIL DE 2020 A 06 DE JULHO DE 2020<br \/>\n<strong>PRAZO DE ENTREGA:<\/strong> IMEDIATO<\/p>\n<ul>\n<li><a href=\"https:\/\/www.oeirasdopara.pa.gov.br\/wp-content\/uploads\/2020\/06\/AUTORIZA\u00c7\u00c3O-1.pdf\">AUTORIZA\u00c7\u00c3O<\/a><\/li>\n<li><a href=\"https:\/\/www.oeirasdopara.pa.gov.br\/wp-content\/uploads\/2020\/06\/DECRETO-DE-SITUA\u00c7\u00c3O-EMERGENCIAL-1.pdf\">DECRETO DE SITUA\u00c7\u00c3O EMERGENCIAL<\/a><\/li>\n<li><a href=\"https:\/\/www.oeirasdopara.pa.gov.br\/wp-content\/uploads\/2020\/06\/INDICA\u00c7\u00c3O-DE-PUBLICA\u00c7\u00c3O-15.pdf\">INDICA\u00c7\u00c3O DE PUBLICA\u00c7\u00c3O<\/a><\/li>\n<li><a href=\"https:\/\/www.oeirasdopara.pa.gov.br\/wp-content\/uploads\/2020\/06\/JUSTIFICATIVA-DA-ESCOLHA-14.pdf\">JUSTIFICATIVA DA ESCOLHA<\/a><\/li>\n<li><a href=\"https:\/\/www.oeirasdopara.pa.gov.br\/wp-content\/uploads\/2020\/06\/JUSTIFICATIVA-PARA-CONTRATA\u00c7\u00c3O-14.pdf\">JUSTIFICATIVA PARA CONTRATA\u00c7\u00c3O<\/a><\/li>\n<li><a href=\"https:\/\/www.oeirasdopara.pa.gov.br\/wp-content\/uploads\/2020\/06\/MINUTA-DO-CONTRATO-11.pdf\">MINUTA DO CONTRATO<\/a><\/li>\n<li><a href=\"https:\/\/www.oeirasdopara.pa.gov.br\/wp-content\/uploads\/2020\/06\/OR\u00c7AMENTO-ESTIMADO-1.pdf\">OR\u00c7AMENTO ESTIMADO<\/a><\/li>\n<li><a href=\"https:\/\/www.oeirasdopara.pa.gov.br\/wp-content\/uploads\/2020\/06\/PARECER-JURIDICO-8.pdf\">PARECER JURIDICO<\/a><\/li>\n<li><a href=\"https:\/\/www.oeirasdopara.pa.gov.br\/wp-content\/uploads\/2020\/06\/RATIFICA\u00c7\u00c3O-10.pdf\">RATIFICA\u00c7\u00c3O<\/a><\/li>\n<li><a href=\"https:\/\/www.oeirasdopara.pa.gov.br\/wp-content\/uploads\/2020\/06\/SOLICITA\u00c7\u00c3O-PARA-CONTRATA\u00c7\u00c3O-1.pdf\">SOLICITA\u00c7\u00c3O PARA CONTRATA\u00c7\u00c3O<\/a><\/li>\n<li><a href=\"https:\/\/www.oeirasdopara.pa.gov.br\/wp-content\/uploads\/2020\/06\/TERMO-DE-REFER\u00caNCIA-20.pdf\">TERMO DE REFER\u00caNCIA<\/a><\/li>\n<\/ul>\n<p><strong>ANEXO EM FORMATO ABERTO<\/strong><\/p>\n<ul>\n<li><a href=\"https:\/\/www.oeirasdopara.pa.gov.br\/wp-content\/uploads\/2020\/06\/CONTRATO-N\u00ba-20200343-SAUDE-JOSE-MAX.pdf\">CONTRATO N\u00ba 20200343 SAUDE JOSE MAX<\/a><\/li>\n<\/ul>\n","protected":false},"excerpt":{"rendered":"<p>SECRETARIA:\u00a0SA\u00daDE MODALIDADE: DISPENSA DE LICITA\u00c7\u00c3O PROCESSO LICITAT\u00d3RIO: 7\/2020-00028-A OBJETO:\u00a0CONTRATA\u00c7\u00c3O DE EMPRESA ESPECIALIZADA PARA LOCA\u00c7\u00c3O DE EMBARCA\u00c7\u00c3O ESTILO VOADEIRA, PARA ATUAR NA FISCALIZA\u00c7\u00c3O NAS BARREIRAS SANIT\u00c1RIAS NAS PRINCIPAIS VIAS FLUVIAIS DE ACESSO AO MUNIC\u00cdPIO E PARA TRANSPORTE DE EQUIPAMENTOS E MATERIAIS AT\u00c9 A PONTE DO RIO ANAUER\u00c1 E EQUIPE MULTIDISCIPLINARES NOS ATENDIMENTOS ITINERANTES EM COMUNIDADES RIBEIRINHAS [&hellip;]<\/p>\n","protected":false},"author":8,"featured_media":0,"comment_status":"closed","ping_status":"open","sticky":false,"template":"","format":"standard","meta":{"_seopress_robots_primary_cat":"","_seopress_titles_title":"","_seopress_titles_desc":"","_seopress_robots_index":"","footnotes":""},"categories":[88,69],"tags":[],"class_list":["post-3009","post","type-post","status-publish","format-standard","hentry","category-covid-19-editais","category-editais"],"_links":{"self":[{"href":"https:\/\/oeirasdopara.pa.gov.br\/novo\/wp-json\/wp\/v2\/posts\/3009","targetHints":{"allow":["GET"]}}],"collection":[{"href":"https:\/\/oeirasdopara.pa.gov.br\/novo\/wp-json\/wp\/v2\/posts"}],"about":[{"href":"https:\/\/oeirasdopara.pa.gov.br\/novo\/wp-json\/wp\/v2\/types\/post"}],"author":[{"embeddable":true,"href":"https:\/\/oeirasdopara.pa.gov.br\/novo\/wp-json\/wp\/v2\/users\/8"}],"replies":[{"embeddable":true,"href":"https:\/\/oeirasdopara.pa.gov.br\/novo\/wp-json\/wp\/v2\/comments?post=3009"}],"version-history":[{"count":4,"href":"https:\/\/oeirasdopara.pa.gov.br\/novo\/wp-json\/wp\/v2\/posts\/3009\/revisions"}],"predecessor-version":[{"id":3321,"href":"https:\/\/oeirasdopara.pa.gov.br\/novo\/wp-json\/wp\/v2\/posts\/3009\/revisions\/3321"}],"wp:attachment":[{"href":"https:\/\/oeirasdopara.pa.gov.br\/novo\/wp-json\/wp\/v2\/media?parent=3009"}],"wp:term":[{"taxonomy":"category","embeddable":true,"href":"https:\/\/oeirasdopara.pa.gov.br\/novo\/wp-json\/wp\/v2\/categories?post=3009"},{"taxonomy":"post_tag","embeddable":true,"href":"https:\/\/oeirasdopara.pa.gov.br\/novo\/wp-json\/wp\/v2\/tags?post=3009"}],"curies":[{"name":"wp","href":"https:\/\/api.w.org\/{rel}","templated":true}]}}