{"id":3006,"date":"2020-06-29T14:01:49","date_gmt":"2020-06-29T14:01:49","guid":{"rendered":"http:\/\/www.oeirasdopara.pa.gov.br\/?p=3006"},"modified":"2020-08-11T14:52:41","modified_gmt":"2020-08-11T14:52:41","slug":"dispensa-de-licitacao-no-7-2020-00039","status":"publish","type":"post","link":"https:\/\/oeirasdopara.pa.gov.br\/novo\/dispensa-de-licitacao-no-7-2020-00039\/","title":{"rendered":"DISPENSA DE LICITA\u00c7\u00c3O N\u00ba 7\/2020-00039"},"content":{"rendered":"<p><strong>SECRETARIA:\u00a0<\/strong>ASSIST\u00caNCIA SOCIAL<br \/>\n<strong>MODALIDADE:\u00a0<\/strong>DISPENSA DE LICITA\u00c7\u00c3O<br \/>\n<strong>PROCESSO LICITAT\u00d3RIO:\u00a0<\/strong>N\u00ba 7\/2020-00039<\/p>\n<p><strong>OBJETO:\u00a0<\/strong>CONTRATA\u00c7\u00c3O DE EMPRESA PARA A AQUISI\u00c7\u00c3O DE URNAS MORTU\u00c1RIAS, EM ATENDIMENTO A POPULA\u00c7\u00c3O BAIXA RENDA DE OEIRAS DOS PAR\u00c1, NO \u00c2MBITO DAS A\u00c7\u00d5ES DA SECRETARIA MUNICIPAL DE ASSIST\u00caNCIA SOCIAL.<\/p>\n<p><strong>VALOR:<\/strong> R$ 46.250,00<br \/>\n<strong>EMPRESA: <\/strong>IVANEI PEREIRA DA SILVA 81918879249<br \/>\n<strong>CNPJ:\u00a0<\/strong>14.745.845\/0001-10<br \/>\n<strong>CONTRATO: <\/strong>20200360<br \/>\n<strong>VIG\u00caNCIA: <\/strong>25 de Junho de 2020 a 25 de Setembro de 2020<br \/>\n<strong>PRAZO DE ENTREGA:\u00a0<\/strong>IMEDIATO<\/p>\n<ul>\n<li><a href=\"http:\/\/www.oeirasdopara.pa.gov.br\/wp-content\/uploads\/2020\/06\/DECRETO-DE-EMERG\u00caNCIA-6.pdf\">DECRETO DE EMERG\u00caNCIA<\/a><\/li>\n<li><a href=\"http:\/\/www.oeirasdopara.pa.gov.br\/wp-content\/uploads\/2020\/06\/JUSTIFICATIVA-DA-ESCOLHA-13.pdf\">JUSTIFICATIVA DA ESCOLHA<\/a><\/li>\n<li><a href=\"http:\/\/www.oeirasdopara.pa.gov.br\/wp-content\/uploads\/2020\/06\/JUSTIFICATIVA-8.pdf\">JUSTIFICATIVA<\/a><\/li>\n<li><a href=\"http:\/\/www.oeirasdopara.pa.gov.br\/wp-content\/uploads\/2020\/06\/MAPA-COMPARATIVO-5.pdf\">MAPA COMPARATIVO<\/a><\/li>\n<li><a href=\"http:\/\/www.oeirasdopara.pa.gov.br\/wp-content\/uploads\/2020\/06\/MINUTA-DO-CONTRATO-10.pdf\">MINUTA DO CONTRATO<\/a><\/li>\n<li><a href=\"http:\/\/www.oeirasdopara.pa.gov.br\/wp-content\/uploads\/2020\/06\/PARECER-JUR\u00cdDICO-18.pdf\">PARECER JUR\u00cdDICO<\/a><\/li>\n<li><a href=\"http:\/\/www.oeirasdopara.pa.gov.br\/wp-content\/uploads\/2020\/06\/PUBLICA\u00c7\u00c3O-1-1.pdf\">PUBLICA\u00c7\u00c3O (1)<\/a><\/li>\n<li><a href=\"http:\/\/www.oeirasdopara.pa.gov.br\/wp-content\/uploads\/2020\/06\/RATIFICA\u00c7\u00c3O-9.pdf\">RATIFICA\u00c7\u00c3O<\/a><\/li>\n<li><a href=\"http:\/\/www.oeirasdopara.pa.gov.br\/wp-content\/uploads\/2020\/06\/SOLICITA\u00c7\u00c3O-INICIAL-5.pdf\">SOLICITA\u00c7\u00c3O INICIAL<\/a><\/li>\n<li><a href=\"http:\/\/www.oeirasdopara.pa.gov.br\/wp-content\/uploads\/2020\/06\/TERMO-DE-AUTORIZA\u00c7\u00c3O-4.pdf\">TERMO DE AUTORIZA\u00c7\u00c3O<\/a><\/li>\n<li><a href=\"http:\/\/www.oeirasdopara.pa.gov.br\/wp-content\/uploads\/2020\/06\/TERMO-DE-REFERENCIA-5.pdf\">TERMO DE REFERENCIA<\/a><\/li>\n<\/ul>\n<p><strong>ANEXO EM FORMATO ABERTO<\/strong><\/p>\n<ul>\n<li><a href=\"https:\/\/www.oeirasdopara.pa.gov.br\/wp-content\/uploads\/2020\/06\/CONTRATO-N\u00ba-20200360-ASSISTENCIA-FUNERARIA.pdf\">CONTRATO N\u00ba 20200360<\/a><\/li>\n<\/ul>\n","protected":false},"excerpt":{"rendered":"<p>SECRETARIA:\u00a0ASSIST\u00caNCIA SOCIAL MODALIDADE:\u00a0DISPENSA DE LICITA\u00c7\u00c3O PROCESSO LICITAT\u00d3RIO:\u00a0N\u00ba 7\/2020-00039 OBJETO:\u00a0CONTRATA\u00c7\u00c3O DE EMPRESA PARA A AQUISI\u00c7\u00c3O DE URNAS MORTU\u00c1RIAS, EM ATENDIMENTO A POPULA\u00c7\u00c3O BAIXA RENDA DE OEIRAS DOS PAR\u00c1, NO \u00c2MBITO DAS A\u00c7\u00d5ES DA SECRETARIA MUNICIPAL DE ASSIST\u00caNCIA SOCIAL. VALOR: R$ 46.250,00 EMPRESA: IVANEI PEREIRA DA SILVA 81918879249 CNPJ:\u00a014.745.845\/0001-10 CONTRATO: 20200360 VIG\u00caNCIA: 25 de Junho de 2020 [&hellip;]<\/p>\n","protected":false},"author":8,"featured_media":0,"comment_status":"closed","ping_status":"open","sticky":false,"template":"","format":"standard","meta":{"_seopress_robots_primary_cat":"","_seopress_titles_title":"","_seopress_titles_desc":"","_seopress_robots_index":"","footnotes":""},"categories":[88,69],"tags":[],"class_list":["post-3006","post","type-post","status-publish","format-standard","hentry","category-covid-19-editais","category-editais"],"_links":{"self":[{"href":"https:\/\/oeirasdopara.pa.gov.br\/novo\/wp-json\/wp\/v2\/posts\/3006","targetHints":{"allow":["GET"]}}],"collection":[{"href":"https:\/\/oeirasdopara.pa.gov.br\/novo\/wp-json\/wp\/v2\/posts"}],"about":[{"href":"https:\/\/oeirasdopara.pa.gov.br\/novo\/wp-json\/wp\/v2\/types\/post"}],"author":[{"embeddable":true,"href":"https:\/\/oeirasdopara.pa.gov.br\/novo\/wp-json\/wp\/v2\/users\/8"}],"replies":[{"embeddable":true,"href":"https:\/\/oeirasdopara.pa.gov.br\/novo\/wp-json\/wp\/v2\/comments?post=3006"}],"version-history":[{"count":9,"href":"https:\/\/oeirasdopara.pa.gov.br\/novo\/wp-json\/wp\/v2\/posts\/3006\/revisions"}],"predecessor-version":[{"id":3411,"href":"https:\/\/oeirasdopara.pa.gov.br\/novo\/wp-json\/wp\/v2\/posts\/3006\/revisions\/3411"}],"wp:attachment":[{"href":"https:\/\/oeirasdopara.pa.gov.br\/novo\/wp-json\/wp\/v2\/media?parent=3006"}],"wp:term":[{"taxonomy":"category","embeddable":true,"href":"https:\/\/oeirasdopara.pa.gov.br\/novo\/wp-json\/wp\/v2\/categories?post=3006"},{"taxonomy":"post_tag","embeddable":true,"href":"https:\/\/oeirasdopara.pa.gov.br\/novo\/wp-json\/wp\/v2\/tags?post=3006"}],"curies":[{"name":"wp","href":"https:\/\/api.w.org\/{rel}","templated":true}]}}