{"id":2996,"date":"2020-06-25T12:55:31","date_gmt":"2020-06-25T12:55:31","guid":{"rendered":"http:\/\/www.oeirasdopara.pa.gov.br\/?p=2996"},"modified":"2020-08-10T22:17:10","modified_gmt":"2020-08-10T22:17:10","slug":"dispensa-de-licitacao-no-7-2020-00036","status":"publish","type":"post","link":"https:\/\/oeirasdopara.pa.gov.br\/novo\/dispensa-de-licitacao-no-7-2020-00036\/","title":{"rendered":"DISPENSA DE LICITA\u00c7\u00c3O N\u00ba 7\/2020-00036"},"content":{"rendered":"<p><strong>SECRETARIA:\u00a0<\/strong>ASSIST\u00caNCIA SOCIAL<br \/>\n<strong>MODALIDADE: <\/strong>DISPENSA DE LICITA\u00c7\u00c3O<br \/>\n<strong>PROCESSO LICITAT\u00d3RIO: <\/strong>N\u00ba 7\/2020-00036<\/p>\n<p><strong>OBJETO: <\/strong>CONTRATA\u00c7\u00c3O DE 02 (DOIS) PROFISSIONAIS PARA PRESTA\u00c7\u00c3O DE SERVI\u00c7OS, PARA ELABORA\u00c7\u00c3O E EXECU\u00c7\u00c3O DE UM PLANO DE A\u00c7\u00c3O DE MOBILIZA\u00c7\u00c3O E COMBATE AO NOVO CORONAV\u00cdRUS (COVID-19) E REALIZA\u00c7\u00c3O DE ABORDAGEM SOCIAL E ATENDIMENTO, ORIENTA\u00c7\u00c3O SOCIAL E PEDAG\u00d3GICA, PRESENCIAL OU VIA TELEFONE, COM GRADUA\u00c7\u00c3O EM SERVI\u00c7O SOCIAL, REGISTRO NO RESPECTIVO \u00d3RG\u00c3O DE CLASSE E COM GRADUA\u00c7\u00c3O EM PEDAGOGIA.<\/p>\n<p><strong>VALOR: <\/strong>R$ 9.900,00<br \/>\n<strong>EMPRESA \/ NOME: <\/strong>ALANA DO SOCORRO TEIXEIRA DA SILVA e HELLEN BEATRIZ CARVALHO BASTOS<br \/>\n<strong>CNPJ \/ CPF: <\/strong>015.242.232-39<br \/>\n<strong>CONTRATO: <\/strong>N\u00ba 20200333<br \/>\n<strong>VIG\u00caNCIA:<\/strong>19 de Junho de 2020 a 19 de Setembro de 2020<br \/>\n<strong>PRAZO DE ENTREGA:\u00a0<\/strong>IMEDIATO<\/p>\n<ul>\n<li><a href=\"http:\/\/www.oeirasdopara.pa.gov.br\/wp-content\/uploads\/2020\/06\/AUTORIZA\u00c7\u00c3O-DA-AUTORIDADE-5.pdf\">AUTORIZA\u00c7\u00c3O DA AUTORIDADE<\/a><\/li>\n<li><a href=\"http:\/\/www.oeirasdopara.pa.gov.br\/wp-content\/uploads\/2020\/06\/DECRETO-N\u00ba006_20-INSTITUI-SITUA\u00c7\u00c3O-DE-CALAMIDADE-P\u00daBLICA-NO-MUNIC\u00cdPIO.-4.pdf\">DECRETO N\u00ba006_20 INSTITUI SITUA\u00c7\u00c3O DE CALAMIDADE P\u00daBLICA NO MUNIC\u00cdPIO.<\/a><\/li>\n<li><a href=\"http:\/\/www.oeirasdopara.pa.gov.br\/wp-content\/uploads\/2020\/06\/ESTIMATIVA-DE-MERCADO-MAPA-COMPARATIVO-6.pdf\">ESTIMATIVA DE MERCADO-MAPA COMPARATIVO<\/a><\/li>\n<li><a href=\"http:\/\/www.oeirasdopara.pa.gov.br\/wp-content\/uploads\/2020\/06\/INDICA\u00c7\u00c3O-DE-PUBLICA\u00c7\u00c3O-11.pdf\">INDICA\u00c7\u00c3O DE PUBLICA\u00c7\u00c3O<\/a><\/li>\n<li><a href=\"http:\/\/www.oeirasdopara.pa.gov.br\/wp-content\/uploads\/2020\/06\/MINUTA-DE-CONTRATO-10.pdf\">MINUTA DE CONTRATO<\/a><\/li>\n<li><a href=\"http:\/\/www.oeirasdopara.pa.gov.br\/wp-content\/uploads\/2020\/06\/TERMO-DE-REFER\u00caNCIA-14.pdf\">TERMO DE REFER\u00caNCIA<\/a><\/li>\n<li><a href=\"http:\/\/www.oeirasdopara.pa.gov.br\/wp-content\/uploads\/2020\/06\/TERMO-DE-RATIFICA\u00c7\u00c3O-10.pdf\">TERMO DE RATIFICA\u00c7\u00c3O<\/a><\/li>\n<li><a href=\"http:\/\/www.oeirasdopara.pa.gov.br\/wp-content\/uploads\/2020\/06\/SOLICITA\u00c7\u00c3O-PARA-AQUISI\u00c7\u00c3O-11.pdf\">SOLICITA\u00c7\u00c3O PARA AQUISI\u00c7\u00c3O<\/a><\/li>\n<li><a href=\"http:\/\/www.oeirasdopara.pa.gov.br\/wp-content\/uploads\/2020\/06\/PARECER-JUR\u00cdDICO-8.pdf\">PARECER JUR\u00cdDICO<\/a><\/li>\n<li><a href=\"http:\/\/www.oeirasdopara.pa.gov.br\/wp-content\/uploads\/2020\/06\/JUSTIFICATIVA-PARA-CONTRATA\u00c7\u00c3O-8.pdf\">JUSTIFICATIVA PARA CONTRATA\u00c7\u00c3O<\/a><\/li>\n<li><a href=\"http:\/\/www.oeirasdopara.pa.gov.br\/wp-content\/uploads\/2020\/06\/JUSTIFICATIVA-DA-RAZ\u00c3O-DE-ESCOLHA-3.pdf\">JUSTIFICATIVA DA RAZ\u00c3O DE ESCOLHA<\/a><\/li>\n<\/ul>\n<p><strong>ANEXO EM FORMATO ABERTO<\/strong><\/p>\n<ul>\n<li><a href=\"https:\/\/www.oeirasdopara.pa.gov.br\/wp-content\/uploads\/2020\/06\/CONTRATO-N\u00ba-20200333-ASSISTENCIA-ALANA.pdf\">CONTRATO N\u00ba 20200333\u00a0<\/a><\/li>\n<li><a href=\"https:\/\/www.oeirasdopara.pa.gov.br\/wp-content\/uploads\/2020\/06\/HELLEN.pdf\">CONTRATO N\u00ba 20200331<\/a><\/li>\n<\/ul>\n<p>&nbsp;<\/p>\n","protected":false},"excerpt":{"rendered":"<p>SECRETARIA:\u00a0ASSIST\u00caNCIA SOCIAL MODALIDADE: DISPENSA DE LICITA\u00c7\u00c3O PROCESSO LICITAT\u00d3RIO: N\u00ba 7\/2020-00036 OBJETO: CONTRATA\u00c7\u00c3O DE 02 (DOIS) PROFISSIONAIS PARA PRESTA\u00c7\u00c3O DE SERVI\u00c7OS, PARA ELABORA\u00c7\u00c3O E EXECU\u00c7\u00c3O DE UM PLANO DE A\u00c7\u00c3O DE MOBILIZA\u00c7\u00c3O E COMBATE AO NOVO CORONAV\u00cdRUS (COVID-19) E REALIZA\u00c7\u00c3O DE ABORDAGEM SOCIAL E ATENDIMENTO, ORIENTA\u00c7\u00c3O SOCIAL E PEDAG\u00d3GICA, PRESENCIAL OU VIA TELEFONE, COM GRADUA\u00c7\u00c3O EM [&hellip;]<\/p>\n","protected":false},"author":8,"featured_media":0,"comment_status":"closed","ping_status":"open","sticky":false,"template":"","format":"standard","meta":{"_seopress_robots_primary_cat":"","_seopress_titles_title":"","_seopress_titles_desc":"","_seopress_robots_index":"","footnotes":""},"categories":[88,69],"tags":[],"class_list":["post-2996","post","type-post","status-publish","format-standard","hentry","category-covid-19-editais","category-editais"],"_links":{"self":[{"href":"https:\/\/oeirasdopara.pa.gov.br\/novo\/wp-json\/wp\/v2\/posts\/2996","targetHints":{"allow":["GET"]}}],"collection":[{"href":"https:\/\/oeirasdopara.pa.gov.br\/novo\/wp-json\/wp\/v2\/posts"}],"about":[{"href":"https:\/\/oeirasdopara.pa.gov.br\/novo\/wp-json\/wp\/v2\/types\/post"}],"author":[{"embeddable":true,"href":"https:\/\/oeirasdopara.pa.gov.br\/novo\/wp-json\/wp\/v2\/users\/8"}],"replies":[{"embeddable":true,"href":"https:\/\/oeirasdopara.pa.gov.br\/novo\/wp-json\/wp\/v2\/comments?post=2996"}],"version-history":[{"count":8,"href":"https:\/\/oeirasdopara.pa.gov.br\/novo\/wp-json\/wp\/v2\/posts\/2996\/revisions"}],"predecessor-version":[{"id":3349,"href":"https:\/\/oeirasdopara.pa.gov.br\/novo\/wp-json\/wp\/v2\/posts\/2996\/revisions\/3349"}],"wp:attachment":[{"href":"https:\/\/oeirasdopara.pa.gov.br\/novo\/wp-json\/wp\/v2\/media?parent=2996"}],"wp:term":[{"taxonomy":"category","embeddable":true,"href":"https:\/\/oeirasdopara.pa.gov.br\/novo\/wp-json\/wp\/v2\/categories?post=2996"},{"taxonomy":"post_tag","embeddable":true,"href":"https:\/\/oeirasdopara.pa.gov.br\/novo\/wp-json\/wp\/v2\/tags?post=2996"}],"curies":[{"name":"wp","href":"https:\/\/api.w.org\/{rel}","templated":true}]}}