{"id":2993,"date":"2020-06-24T13:17:51","date_gmt":"2020-06-24T13:17:51","guid":{"rendered":"http:\/\/www.oeirasdopara.pa.gov.br\/?p=2993"},"modified":"2020-08-12T14:01:57","modified_gmt":"2020-08-12T14:01:57","slug":"dispensa-de-licitacao-no-7-2020-00029-a","status":"publish","type":"post","link":"https:\/\/oeirasdopara.pa.gov.br\/novo\/dispensa-de-licitacao-no-7-2020-00029-a\/","title":{"rendered":"DISPENSA DE LICITA\u00c7\u00c3O N\u00ba 7\/2020-00029-A"},"content":{"rendered":"<p><strong>SECRETARIA: <\/strong>DE SA\u00daDE<br \/>\n<strong>MODALIDADE: <\/strong>DISPENSA DE LICITA\u00c7\u00c3O<br \/>\n<strong>PROCESSO LICITAT\u00d3RIO: <\/strong>N\u00ba 7\/2020-00029-A<\/p>\n<p><strong>OBJETO:\u00a0<\/strong>AQUISI\u00c7\u00c3O DE DOIS PULVERIZADORES, QUE DEVIDO A PANDEMIA COVID-19, FAZ-SE NECESS\u00c1RIO A HIGIENIZA\u00c7\u00c3O DAS RUAS PUBLICAS, AMBIENTES HOSPITALARES, PR\u00c9DIOS P\u00daBLICOS E POSTOS DE SA\u00daDE, AFIM DE CONTER A PROLIFERA\u00c7\u00c3O DO CORONAV\u00cdRUS MANTENDO A HIGIENIZA\u00c7\u00c3O DAS RUAS E AUXILIANDO NA PREVEN\u00c7\u00c3O DOS PROFISSIONAIS DA SA\u00daDE.<\/p>\n<p><strong>VALOR:\u00a0<\/strong>R$ 17.498,23<br \/>\n<strong>EMPRESA: <\/strong>C.R.V PINHEIRO EIRELI<strong><br \/>\nCNPJ:<\/strong>\u00a008.364.940\/0001-71<br \/>\n<strong>CONTRATO:\u00a0<\/strong>N\u00ba 20200273<br \/>\n<strong>VIG\u00caNCIA:\u00a0<\/strong>20 DE ABRIL DE 2020 A 20 DE JUNHO DE 2020<br \/>\n<strong>PRAZO DE ENTREGA: <\/strong>IMEDIATO<\/p>\n<ul>\n<li><a href=\"http:\/\/www.oeirasdopara.pa.gov.br\/wp-content\/uploads\/2020\/06\/DECRETO-N\u00ba006_20-INSTITUI-SITUA\u00c7\u00c3O-DE-CALAMIDADE-P\u00daBLICA-NO-MUNIC\u00cdPIO.-1-1.pdf\">DECRETO N\u00ba006_20 INSTITUI SITUA\u00c7\u00c3O DE CALAMIDADE P\u00daBLICA NO MUNIC\u00cdPIO. (1)<\/a><\/li>\n<li><a href=\"http:\/\/www.oeirasdopara.pa.gov.br\/wp-content\/uploads\/2020\/06\/AUTORIZA\u00c7\u00c3O-DA-AUTORIDADE-3.pdf\">AUTORIZA\u00c7\u00c3O DA AUTORIDADE<\/a><\/li>\n<li><a href=\"http:\/\/www.oeirasdopara.pa.gov.br\/wp-content\/uploads\/2020\/06\/TERMO-DE-REFER\u00caNCIA-14.pdf\">TERMO DE REFER\u00caNCIA<\/a><\/li>\n<li><a href=\"http:\/\/www.oeirasdopara.pa.gov.br\/wp-content\/uploads\/2020\/06\/TERMO-DE-RATIFICA\u00c7\u00c3O-10.pdf\">TERMO DE RATIFICA\u00c7\u00c3O<\/a><\/li>\n<li><a href=\"http:\/\/www.oeirasdopara.pa.gov.br\/wp-content\/uploads\/2020\/06\/SOLICITA\u00c7\u00c3O-PARA-AQUISI\u00c7\u00c3O-11.pdf\">SOLICITA\u00c7\u00c3O PARA AQUISI\u00c7\u00c3O<\/a><\/li>\n<li><a href=\"http:\/\/www.oeirasdopara.pa.gov.br\/wp-content\/uploads\/2020\/06\/PARECER-JUR\u00cdDICO-8.pdf\">PARECER JUR\u00cdDICO<\/a><\/li>\n<li><a href=\"http:\/\/www.oeirasdopara.pa.gov.br\/wp-content\/uploads\/2020\/06\/MINUTA-DE-CONTRATO-10.pdf\">MINUTA DE CONTRATO<\/a><\/li>\n<li><a href=\"http:\/\/www.oeirasdopara.pa.gov.br\/wp-content\/uploads\/2020\/06\/JUSTIFICATIVA-PARA-CONTRATA\u00c7\u00c3O-8.pdf\">JUSTIFICATIVA PARA CONTRATA\u00c7\u00c3O<\/a><\/li>\n<li><a href=\"http:\/\/www.oeirasdopara.pa.gov.br\/wp-content\/uploads\/2020\/06\/JUSTIFICATIVA-DA-RAZ\u00c3O-DE-ESCOLHA-3.pdf\">JUSTIFICATIVA DA RAZ\u00c3O DE ESCOLHA<\/a><\/li>\n<li><a href=\"http:\/\/www.oeirasdopara.pa.gov.br\/wp-content\/uploads\/2020\/06\/INDICA\u00c7\u00c3O-DE-PUBLICA\u00c7\u00c3O-8.pdf\">INDICA\u00c7\u00c3O DE PUBLICA\u00c7\u00c3O<\/a><\/li>\n<li><a href=\"http:\/\/www.oeirasdopara.pa.gov.br\/wp-content\/uploads\/2020\/06\/ESTIMATIVA-DE-MERCADO-MAPA-COMPARATIVO-3.pdf\">ESTIMATIVA DE MERCADO-MAPA COMPARATIVO<\/a><\/li>\n<\/ul>\n<p>ANEXO EM FORMATO ABERTO<\/p>\n<ul>\n<li><a href=\"https:\/\/www.oeirasdopara.pa.gov.br\/wp-content\/uploads\/2020\/06\/CONTRATO-N\u00ba-20200273-SAUDE-C-R-V-PINHEIRO.pdf\">CONTRATO N\u00ba 20200273 SAUDE C R V PINHEIRO<\/a><\/li>\n<\/ul>\n","protected":false},"excerpt":{"rendered":"<p>SECRETARIA: DE SA\u00daDE MODALIDADE: DISPENSA DE LICITA\u00c7\u00c3O PROCESSO LICITAT\u00d3RIO: N\u00ba 7\/2020-00029-A OBJETO:\u00a0AQUISI\u00c7\u00c3O DE DOIS PULVERIZADORES, QUE DEVIDO A PANDEMIA COVID-19, FAZ-SE NECESS\u00c1RIO A HIGIENIZA\u00c7\u00c3O DAS RUAS PUBLICAS, AMBIENTES HOSPITALARES, PR\u00c9DIOS P\u00daBLICOS E POSTOS DE SA\u00daDE, AFIM DE CONTER A PROLIFERA\u00c7\u00c3O DO CORONAV\u00cdRUS MANTENDO A HIGIENIZA\u00c7\u00c3O DAS RUAS E AUXILIANDO NA PREVEN\u00c7\u00c3O DOS PROFISSIONAIS DA SA\u00daDE. [&hellip;]<\/p>\n","protected":false},"author":8,"featured_media":0,"comment_status":"closed","ping_status":"open","sticky":false,"template":"","format":"standard","meta":{"_seopress_robots_primary_cat":"","_seopress_titles_title":"","_seopress_titles_desc":"","_seopress_robots_index":"","footnotes":""},"categories":[88,69],"tags":[],"class_list":["post-2993","post","type-post","status-publish","format-standard","hentry","category-covid-19-editais","category-editais"],"_links":{"self":[{"href":"https:\/\/oeirasdopara.pa.gov.br\/novo\/wp-json\/wp\/v2\/posts\/2993","targetHints":{"allow":["GET"]}}],"collection":[{"href":"https:\/\/oeirasdopara.pa.gov.br\/novo\/wp-json\/wp\/v2\/posts"}],"about":[{"href":"https:\/\/oeirasdopara.pa.gov.br\/novo\/wp-json\/wp\/v2\/types\/post"}],"author":[{"embeddable":true,"href":"https:\/\/oeirasdopara.pa.gov.br\/novo\/wp-json\/wp\/v2\/users\/8"}],"replies":[{"embeddable":true,"href":"https:\/\/oeirasdopara.pa.gov.br\/novo\/wp-json\/wp\/v2\/comments?post=2993"}],"version-history":[{"count":4,"href":"https:\/\/oeirasdopara.pa.gov.br\/novo\/wp-json\/wp\/v2\/posts\/2993\/revisions"}],"predecessor-version":[{"id":3452,"href":"https:\/\/oeirasdopara.pa.gov.br\/novo\/wp-json\/wp\/v2\/posts\/2993\/revisions\/3452"}],"wp:attachment":[{"href":"https:\/\/oeirasdopara.pa.gov.br\/novo\/wp-json\/wp\/v2\/media?parent=2993"}],"wp:term":[{"taxonomy":"category","embeddable":true,"href":"https:\/\/oeirasdopara.pa.gov.br\/novo\/wp-json\/wp\/v2\/categories?post=2993"},{"taxonomy":"post_tag","embeddable":true,"href":"https:\/\/oeirasdopara.pa.gov.br\/novo\/wp-json\/wp\/v2\/tags?post=2993"}],"curies":[{"name":"wp","href":"https:\/\/api.w.org\/{rel}","templated":true}]}}