{"id":2987,"date":"2020-06-23T15:00:04","date_gmt":"2020-06-23T15:00:04","guid":{"rendered":"http:\/\/www.oeirasdopara.pa.gov.br\/?p=2987"},"modified":"2020-08-12T14:11:02","modified_gmt":"2020-08-12T14:11:02","slug":"dispensa-de-licitacao-7-2020-00030","status":"publish","type":"post","link":"https:\/\/oeirasdopara.pa.gov.br\/novo\/dispensa-de-licitacao-7-2020-00030\/","title":{"rendered":"DISPENSA DE LICITA\u00c7\u00c3O N\u00ba 7\/2020-00030"},"content":{"rendered":"<p><strong>SECRETARIA: <\/strong>DE SA\u00daDE<\/p>\n<p><strong>MODALIDADE: <\/strong>DISPENSA DE LICITA\u00c7\u00c3O<br \/>\n<strong>PROCESSO LICITAT\u00d3RIO:<\/strong>N\u00ba 7\/2020-00030<\/p>\n<p><strong>OBEJETO:\u00a0<\/strong>CONTRATO DE EMPRESA ESPECIALIZADA PARA AQUISI\u00c7\u00c3O DE EPI ( MACAC\u00c3O N\u00c3O TECIDO POLIPROPILENO BRANCO, BOTA PVC). EM ATENDIMENTO A SECRETARIA MUNICIPAL DE SA\u00daDE DE OEIRAS DO PAR\u00c1.<\/p>\n<p><strong>VALOR: <\/strong>R$ 11.431,17<br \/>\n<strong>EMPRESA: <\/strong>A E A COMERCIO DE MATERIAL DE SEGURAN\u00c7A LTDA<strong><br \/>\nCNPJ: <\/strong>28.599.435\/0001-13<br \/>\n<strong>CONTRATO: <\/strong>N\u00ba 20200275<br \/>\n<strong>VIG\u00caNCIA: <\/strong>28 DE ABRIL DE 2020 A 29 DE JUNHO DE 2020<br \/>\n<strong>PRAZO DE ENTREGA:<\/strong> IMEDIATO<\/p>\n<ul>\n<li><a href=\"http:\/\/www.oeirasdopara.pa.gov.br\/wp-content\/uploads\/2020\/06\/AUTORIZA\u00c7\u00c3O-DA-AUTORIDADE-3.pdf\">AUTORIZA\u00c7\u00c3O DA AUTORIDADE<\/a><\/li>\n<li><a href=\"http:\/\/www.oeirasdopara.pa.gov.br\/wp-content\/uploads\/2020\/06\/DECRETO-N\u00ba006_20-INSTITUI-SITUA\u00c7\u00c3O-DE-CALAMIDADE-P\u00daBLICA-NO-MUNIC\u00cdPIO.-1-1.pdf\">DECRETO N\u00ba006_20 INSTITUI SITUA\u00c7\u00c3O DE CALAMIDADE P\u00daBLICA NO MUNIC\u00cdPIO. (1)<\/a><\/li>\n<li><a href=\"http:\/\/www.oeirasdopara.pa.gov.br\/wp-content\/uploads\/2020\/06\/TERMO-DE-REFER\u00caNCIA-14.pdf\">TERMO DE REFER\u00caNCIA<\/a><\/li>\n<li><a href=\"http:\/\/www.oeirasdopara.pa.gov.br\/wp-content\/uploads\/2020\/06\/TERMO-DE-RATIFICA\u00c7\u00c3O-10.pdf\">TERMO DE RATIFICA\u00c7\u00c3O<\/a><\/li>\n<li><a href=\"http:\/\/www.oeirasdopara.pa.gov.br\/wp-content\/uploads\/2020\/06\/SOLICITA\u00c7\u00c3O-PARA-AQUISI\u00c7\u00c3O-11.pdf\">SOLICITA\u00c7\u00c3O PARA AQUISI\u00c7\u00c3O<\/a><\/li>\n<li><a href=\"http:\/\/www.oeirasdopara.pa.gov.br\/wp-content\/uploads\/2020\/06\/PARECER-JUR\u00cdDICO-8.pdf\">PARECER JUR\u00cdDICO<\/a><\/li>\n<li><a href=\"http:\/\/www.oeirasdopara.pa.gov.br\/wp-content\/uploads\/2020\/06\/MINUTA-DE-CONTRATO-10.pdf\">MINUTA DE CONTRATO<\/a><\/li>\n<li><a href=\"http:\/\/www.oeirasdopara.pa.gov.br\/wp-content\/uploads\/2020\/06\/JUSTIFICATIVA-PARA-CONTRATA\u00c7\u00c3O-8.pdf\">JUSTIFICATIVA PARA CONTRATA\u00c7\u00c3O<\/a><\/li>\n<li><a href=\"http:\/\/www.oeirasdopara.pa.gov.br\/wp-content\/uploads\/2020\/06\/JUSTIFICATIVA-DA-RAZ\u00c3O-DE-ESCOLHA-3.pdf\">JUSTIFICATIVA DA RAZ\u00c3O DE ESCOLHA<\/a><\/li>\n<li><a href=\"http:\/\/www.oeirasdopara.pa.gov.br\/wp-content\/uploads\/2020\/06\/INDICA\u00c7\u00c3O-DE-PUBLICA\u00c7\u00c3O-8.pdf\">INDICA\u00c7\u00c3O DE PUBLICA\u00c7\u00c3O<\/a><\/li>\n<li><a href=\"http:\/\/www.oeirasdopara.pa.gov.br\/wp-content\/uploads\/2020\/06\/ESTIMATIVA-DE-MERCADO-MAPA-COMPARATIVO-3.pdf\">ESTIMATIVA DE MERCADO-MAPA COMPARATIVO<\/a><\/li>\n<\/ul>\n<p><strong>ANEXO EM FORMATO ABERTO<\/strong><\/p>\n<ul>\n<li><a href=\"https:\/\/www.oeirasdopara.pa.gov.br\/wp-content\/uploads\/2020\/06\/CONTRATO-N\u00ba-20200275-SAUDE-A-e-A-COMERCIO-DE-MATERIAL.pdf\">CONTRATO N\u00ba 20200275 SAUDE A e A COMERCIO DE MATERIAL<\/a><\/li>\n<\/ul>\n","protected":false},"excerpt":{"rendered":"<p>SECRETARIA: DE SA\u00daDE MODALIDADE: DISPENSA DE LICITA\u00c7\u00c3O PROCESSO LICITAT\u00d3RIO:N\u00ba 7\/2020-00030 OBEJETO:\u00a0CONTRATO DE EMPRESA ESPECIALIZADA PARA AQUISI\u00c7\u00c3O DE EPI ( MACAC\u00c3O N\u00c3O TECIDO POLIPROPILENO BRANCO, BOTA PVC). EM ATENDIMENTO A SECRETARIA MUNICIPAL DE SA\u00daDE DE OEIRAS DO PAR\u00c1. VALOR: R$ 11.431,17 EMPRESA: A E A COMERCIO DE MATERIAL DE SEGURAN\u00c7A LTDA CNPJ: 28.599.435\/0001-13 CONTRATO: N\u00ba 20200275 [&hellip;]<\/p>\n","protected":false},"author":8,"featured_media":0,"comment_status":"closed","ping_status":"open","sticky":false,"template":"","format":"standard","meta":{"_seopress_robots_primary_cat":"","_seopress_titles_title":"","_seopress_titles_desc":"","_seopress_robots_index":"","footnotes":""},"categories":[88,69],"tags":[],"class_list":["post-2987","post","type-post","status-publish","format-standard","hentry","category-covid-19-editais","category-editais"],"_links":{"self":[{"href":"https:\/\/oeirasdopara.pa.gov.br\/novo\/wp-json\/wp\/v2\/posts\/2987","targetHints":{"allow":["GET"]}}],"collection":[{"href":"https:\/\/oeirasdopara.pa.gov.br\/novo\/wp-json\/wp\/v2\/posts"}],"about":[{"href":"https:\/\/oeirasdopara.pa.gov.br\/novo\/wp-json\/wp\/v2\/types\/post"}],"author":[{"embeddable":true,"href":"https:\/\/oeirasdopara.pa.gov.br\/novo\/wp-json\/wp\/v2\/users\/8"}],"replies":[{"embeddable":true,"href":"https:\/\/oeirasdopara.pa.gov.br\/novo\/wp-json\/wp\/v2\/comments?post=2987"}],"version-history":[{"count":5,"href":"https:\/\/oeirasdopara.pa.gov.br\/novo\/wp-json\/wp\/v2\/posts\/2987\/revisions"}],"predecessor-version":[{"id":3453,"href":"https:\/\/oeirasdopara.pa.gov.br\/novo\/wp-json\/wp\/v2\/posts\/2987\/revisions\/3453"}],"wp:attachment":[{"href":"https:\/\/oeirasdopara.pa.gov.br\/novo\/wp-json\/wp\/v2\/media?parent=2987"}],"wp:term":[{"taxonomy":"category","embeddable":true,"href":"https:\/\/oeirasdopara.pa.gov.br\/novo\/wp-json\/wp\/v2\/categories?post=2987"},{"taxonomy":"post_tag","embeddable":true,"href":"https:\/\/oeirasdopara.pa.gov.br\/novo\/wp-json\/wp\/v2\/tags?post=2987"}],"curies":[{"name":"wp","href":"https:\/\/api.w.org\/{rel}","templated":true}]}}