{"id":2974,"date":"2020-06-23T13:37:08","date_gmt":"2020-06-23T13:37:08","guid":{"rendered":"http:\/\/www.oeirasdopara.pa.gov.br\/?p=2974"},"modified":"2020-08-12T14:42:46","modified_gmt":"2020-08-12T14:42:46","slug":"dispensa-de-licitacao-no-7-2020-00031-a","status":"publish","type":"post","link":"https:\/\/oeirasdopara.pa.gov.br\/novo\/dispensa-de-licitacao-no-7-2020-00031-a\/","title":{"rendered":"DISPENSA DE LICITA\u00c7\u00c3O N\u00ba 7\/2020-00031-A"},"content":{"rendered":"<p><strong>SECRETARIA: <\/strong>DE SA\u00daDE<br \/>\n<strong>MODALIDADE: <\/strong>DISPENSA DE LICITA\u00c7\u00c3O<br \/>\n<strong>PROCESSO LICITAT\u00d3RIO:<\/strong> N\u00ba 7\/2020-00031-A<\/p>\n<p><strong>OBJETO:\u00a0<\/strong>CONTRATA\u00c7\u00c3O DE EMPRESA ESPECIALIZADA, PARA AQUISI\u00c7\u00c3O DE CILINDRO DE OXIG\u00caNIO QUE DIANTE DA ATUAL SITUA\u00c7\u00c3O DE EMERG\u00caNCIA NA SA\u00daDE PUBLICA, EM DECORR\u00caNCIA DO CORONAVIRUS E DO AUMENTO DE PACIENTES INTERNADOS NO HPP QUE PRECISAM DE OXIGENA\u00c7\u00c3O, FAZ-SE NECESS\u00c1RIO NOVA AQUISI\u00c7\u00c3O DO ITEM EM QUEST\u00c3O, PARA MELHOR ATENDER AOS ACOMETIDOS PELA COVID-19.<\/p>\n<p><strong>VALOR: <\/strong>R$ 10.000,00<br \/>\n<strong>EMPRESA:<\/strong> B. DE M. RODRIGUES E CIA &#8211; ME<br \/>\n<strong>CNPJ: <\/strong>03.394.320\/0001-61<br \/>\n<strong>CONTRATO: <\/strong>N\u00ba 20200280<br \/>\n<strong>VIG\u00caNCIA: <\/strong>15 DE MAIO DE 2020 A 15 DE JUNHO DE 2020<br \/>\n<strong>PRAZO DE ENTREGA: <\/strong>IMEDIATO<\/p>\n<ul>\n<li><a href=\"http:\/\/www.oeirasdopara.pa.gov.br\/wp-content\/uploads\/2020\/06\/AUTORIZA\u00c7\u00c3O-DA-AUTORIDADE-2.pdf\">AUTORIZA\u00c7\u00c3O DA AUTORIDADE<\/a><\/li>\n<li><a href=\"http:\/\/www.oeirasdopara.pa.gov.br\/wp-content\/uploads\/2020\/06\/DECRETO-N\u00ba006_20-INSTITUI-SITUA\u00c7\u00c3O-DE-CALAMIDADE-P\u00daBLICA-NO-MUNIC\u00cdPIO.-2.pdf\">DECRETO N\u00ba006_20 INSTITUI SITUA\u00c7\u00c3O DE CALAMIDADE P\u00daBLICA NO MUNIC\u00cdPIO.<\/a><\/li>\n<li><a href=\"http:\/\/www.oeirasdopara.pa.gov.br\/wp-content\/uploads\/2020\/06\/ESTIMATIVA-DE-MERCADO-MAPA-COMPARATIVO-3.pdf\">ESTIMATIVA DE MERCADO-MAPA COMPARATIVO<\/a><\/li>\n<li><a href=\"http:\/\/www.oeirasdopara.pa.gov.br\/wp-content\/uploads\/2020\/06\/INDICA\u00c7\u00c3O-DE-PUBLICA\u00c7\u00c3O-8.pdf\">INDICA\u00c7\u00c3O DE PUBLICA\u00c7\u00c3O<\/a><\/li>\n<li><a href=\"http:\/\/www.oeirasdopara.pa.gov.br\/wp-content\/uploads\/2020\/06\/JUSTIFICATIVA-DA-RAZ\u00c3O-DE-ESCOLHA-3.pdf\">JUSTIFICATIVA DA RAZ\u00c3O DE ESCOLHA<\/a><\/li>\n<li><a href=\"http:\/\/www.oeirasdopara.pa.gov.br\/wp-content\/uploads\/2020\/06\/JUSTIFICATIVA-PARA-CONTRATA\u00c7\u00c3O-8.pdf\">JUSTIFICATIVA PARA CONTRATA\u00c7\u00c3O<\/a><\/li>\n<li><a href=\"http:\/\/www.oeirasdopara.pa.gov.br\/wp-content\/uploads\/2020\/06\/MINUTA-DE-CONTRATO-10.pdf\">MINUTA DE CONTRATO<\/a><\/li>\n<li><a href=\"http:\/\/www.oeirasdopara.pa.gov.br\/wp-content\/uploads\/2020\/06\/PARECER-JUR\u00cdDICO-8.pdf\">PARECER JUR\u00cdDICO<\/a><\/li>\n<li><a href=\"http:\/\/www.oeirasdopara.pa.gov.br\/wp-content\/uploads\/2020\/06\/SOLICITA\u00c7\u00c3O-PARA-AQUISI\u00c7\u00c3O-11.pdf\">SOLICITA\u00c7\u00c3O PARA AQUISI\u00c7\u00c3O<\/a><\/li>\n<li><a href=\"http:\/\/www.oeirasdopara.pa.gov.br\/wp-content\/uploads\/2020\/06\/TERMO-DE-RATIFICA\u00c7\u00c3O-10.pdf\">TERMO DE RATIFICA\u00c7\u00c3O<\/a><\/li>\n<li><a href=\"http:\/\/www.oeirasdopara.pa.gov.br\/wp-content\/uploads\/2020\/06\/TERMO-DE-REFER\u00caNCIA-14.pdf\">TERMO DE REFER\u00caNCIA<\/a><\/li>\n<\/ul>\n<p><strong>ANEXO EM FORMATO ABERTO<\/strong><\/p>\n<ul>\n<li><a href=\"https:\/\/www.oeirasdopara.pa.gov.br\/wp-content\/uploads\/2020\/06\/CONTRATO-N\u00ba-20200280-SAUDE-B-DE-M-RODRIGUES.pdf\">CONTRATO N\u00ba 20200280 SAUDE B DE M RODRIGUES<\/a><\/li>\n<\/ul>\n","protected":false},"excerpt":{"rendered":"<p>SECRETARIA: DE SA\u00daDE MODALIDADE: DISPENSA DE LICITA\u00c7\u00c3O PROCESSO LICITAT\u00d3RIO: N\u00ba 7\/2020-00031-A OBJETO:\u00a0CONTRATA\u00c7\u00c3O DE EMPRESA ESPECIALIZADA, PARA AQUISI\u00c7\u00c3O DE CILINDRO DE OXIG\u00caNIO QUE DIANTE DA ATUAL SITUA\u00c7\u00c3O DE EMERG\u00caNCIA NA SA\u00daDE PUBLICA, EM DECORR\u00caNCIA DO CORONAVIRUS E DO AUMENTO DE PACIENTES INTERNADOS NO HPP QUE PRECISAM DE OXIGENA\u00c7\u00c3O, FAZ-SE NECESS\u00c1RIO NOVA AQUISI\u00c7\u00c3O DO ITEM EM QUEST\u00c3O, [&hellip;]<\/p>\n","protected":false},"author":8,"featured_media":0,"comment_status":"closed","ping_status":"open","sticky":false,"template":"","format":"standard","meta":{"_seopress_robots_primary_cat":"","_seopress_titles_title":"","_seopress_titles_desc":"","_seopress_robots_index":"","footnotes":""},"categories":[88,69],"tags":[],"class_list":["post-2974","post","type-post","status-publish","format-standard","hentry","category-covid-19-editais","category-editais"],"_links":{"self":[{"href":"https:\/\/oeirasdopara.pa.gov.br\/novo\/wp-json\/wp\/v2\/posts\/2974","targetHints":{"allow":["GET"]}}],"collection":[{"href":"https:\/\/oeirasdopara.pa.gov.br\/novo\/wp-json\/wp\/v2\/posts"}],"about":[{"href":"https:\/\/oeirasdopara.pa.gov.br\/novo\/wp-json\/wp\/v2\/types\/post"}],"author":[{"embeddable":true,"href":"https:\/\/oeirasdopara.pa.gov.br\/novo\/wp-json\/wp\/v2\/users\/8"}],"replies":[{"embeddable":true,"href":"https:\/\/oeirasdopara.pa.gov.br\/novo\/wp-json\/wp\/v2\/comments?post=2974"}],"version-history":[{"count":5,"href":"https:\/\/oeirasdopara.pa.gov.br\/novo\/wp-json\/wp\/v2\/posts\/2974\/revisions"}],"predecessor-version":[{"id":3454,"href":"https:\/\/oeirasdopara.pa.gov.br\/novo\/wp-json\/wp\/v2\/posts\/2974\/revisions\/3454"}],"wp:attachment":[{"href":"https:\/\/oeirasdopara.pa.gov.br\/novo\/wp-json\/wp\/v2\/media?parent=2974"}],"wp:term":[{"taxonomy":"category","embeddable":true,"href":"https:\/\/oeirasdopara.pa.gov.br\/novo\/wp-json\/wp\/v2\/categories?post=2974"},{"taxonomy":"post_tag","embeddable":true,"href":"https:\/\/oeirasdopara.pa.gov.br\/novo\/wp-json\/wp\/v2\/tags?post=2974"}],"curies":[{"name":"wp","href":"https:\/\/api.w.org\/{rel}","templated":true}]}}