{"id":2936,"date":"2020-06-22T13:25:42","date_gmt":"2020-06-22T13:25:42","guid":{"rendered":"http:\/\/www.oeirasdopara.pa.gov.br\/?p=2936"},"modified":"2020-08-13T12:58:50","modified_gmt":"2020-08-13T12:58:50","slug":"dispensa-de-licitacao-no-7-2020-00035-2","status":"publish","type":"post","link":"https:\/\/oeirasdopara.pa.gov.br\/novo\/dispensa-de-licitacao-no-7-2020-00035-2\/","title":{"rendered":"DISPENSA DE LICITA\u00c7\u00c3O N\u00ba 7\/2020-00035"},"content":{"rendered":"<p><strong>SECRETARIA: <\/strong>ASSIST\u00caNCIA SOCIAL<br \/>\n<strong>MODALIDADE: <\/strong>DISPENSA DE LICITA\u00c7\u00c3O<br \/>\n<strong>PROCESSO LICITAT\u00d3RIO:<\/strong> N\u00ba 7\/2020-00035<\/p>\n<p><strong>OBJETO:\u00a0<\/strong>CONTRATA\u00c7\u00c3O DE EMPRESA FORNECEDORA DE EQUIPAMENTOS DE PROTE\u00c7\u00c3O INDIVIDUAL (EPI) PARA ATENDER OS PROFISSIONAIS DE ASSIST\u00caNCIA SOCIAL COMO MEDIDA DE PROTE\u00c7\u00c3O EM DECORR\u00caNCIA DA INFEC\u00c7\u00c3O HUMANA CAUSADA PELO NOVO CORONAVIRUS\u00a0 (COVIDE-19).<\/p>\n<p><strong>VALOR: <\/strong>R$ 49.290,00<br \/>\n<strong>EMPRESA: <\/strong>BJ BARBOSA COMERCIO &amp; SERVI\u00c7OS &#8211; EIRELI<strong><br \/>\nCNPJ: <\/strong>33.471.717\/0001-70<br \/>\n<strong>CONTRATO: <\/strong>N\u00ba 20200278<br \/>\n<strong>VIG\u00caNCIA: <\/strong>02 de Junho de 2020 a 03 de Agosto de 2020<br \/>\n<strong>PRAZO DE ENTREGA:<\/strong> IMEDIATO<\/p>\n<ul>\n<li><a href=\"http:\/\/www.oeirasdopara.pa.gov.br\/wp-content\/uploads\/2020\/06\/DECRETO-DE-EMERGENCIA-7.pdf\">DECRETO DE EMERGENCIA<\/a><\/li>\n<li><a href=\"http:\/\/www.oeirasdopara.pa.gov.br\/wp-content\/uploads\/2020\/06\/INDICA\u00c7\u00c3O-DO-SITE-5.pdf\">INDICA\u00c7\u00c3O DO SITE<\/a><\/li>\n<li><a href=\"http:\/\/www.oeirasdopara.pa.gov.br\/wp-content\/uploads\/2020\/06\/JUSTIFICATIVA-DA-ESCOLHA-5.pdf\">JUSTIFICATIVA DA ESCOLHA<\/a><\/li>\n<li><a href=\"http:\/\/www.oeirasdopara.pa.gov.br\/wp-content\/uploads\/2020\/06\/JUSTIFICATIVA-1.pdf\">JUSTIFICATIVA<\/a><\/li>\n<li><a href=\"http:\/\/www.oeirasdopara.pa.gov.br\/wp-content\/uploads\/2020\/06\/MAPA-DE-PRE\u00c7O-5.pdf\">MAPA DE PRE\u00c7O<\/a><\/li>\n<li><a href=\"http:\/\/www.oeirasdopara.pa.gov.br\/wp-content\/uploads\/2020\/06\/MINUTA-DE-CONTRATO-1-1.pdf\">MINUTA DE CONTRATO (1)<\/a><\/li>\n<li><a href=\"http:\/\/www.oeirasdopara.pa.gov.br\/wp-content\/uploads\/2020\/06\/PARECER-JURIDICO-5.pdf\">PARECER JURIDICO<\/a><\/li>\n<li><a href=\"http:\/\/www.oeirasdopara.pa.gov.br\/wp-content\/uploads\/2020\/06\/RATIFICA\u00c7\u00c3O-1-1.pdf\">RATIFICA\u00c7\u00c3O (1)<\/a><\/li>\n<li><a href=\"http:\/\/www.oeirasdopara.pa.gov.br\/wp-content\/uploads\/2020\/06\/RATIFICA\u00c7\u00c3O-2-1.pdf\">RATIFICA\u00c7\u00c3O (2)<\/a><\/li>\n<li><a href=\"http:\/\/www.oeirasdopara.pa.gov.br\/wp-content\/uploads\/2020\/06\/SOLICITA\u00c7\u00c3O-PARA-AQUISI\u00c7\u00c3O-10.pdf\">SOLICITA\u00c7\u00c3O PARA AQUISI\u00c7\u00c3O<\/a><\/li>\n<li><a href=\"http:\/\/www.oeirasdopara.pa.gov.br\/wp-content\/uploads\/2020\/06\/TERMO-DE-REFERENCIA.pdf\">TERMO DE REFERENCIA<\/a><\/li>\n<\/ul>\n<p><strong>ANEXO EM FORMATO ABERTO:<\/strong><\/p>\n<ul>\n<li><a href=\"https:\/\/www.oeirasdopara.pa.gov.br\/wp-content\/uploads\/2020\/06\/CONTRATO-N\u00ba-20200278-ASSISTENCIA-SOCIAL-BJ-BARBOSA.pdf\">CONTRATO N\u00ba 20200278 ASSISTENCIA SOCIAL BJ BARBOSA<\/a><\/li>\n<\/ul>\n","protected":false},"excerpt":{"rendered":"<p>SECRETARIA: ASSIST\u00caNCIA SOCIAL MODALIDADE: DISPENSA DE LICITA\u00c7\u00c3O PROCESSO LICITAT\u00d3RIO: N\u00ba 7\/2020-00035 OBJETO:\u00a0CONTRATA\u00c7\u00c3O DE EMPRESA FORNECEDORA DE EQUIPAMENTOS DE PROTE\u00c7\u00c3O INDIVIDUAL (EPI) PARA ATENDER OS PROFISSIONAIS DE ASSIST\u00caNCIA SOCIAL COMO MEDIDA DE PROTE\u00c7\u00c3O EM DECORR\u00caNCIA DA INFEC\u00c7\u00c3O HUMANA CAUSADA PELO NOVO CORONAVIRUS\u00a0 (COVIDE-19). VALOR: R$ 49.290,00 EMPRESA: BJ BARBOSA COMERCIO &amp; SERVI\u00c7OS &#8211; EIRELI CNPJ: 33.471.717\/0001-70 [&hellip;]<\/p>\n","protected":false},"author":8,"featured_media":0,"comment_status":"closed","ping_status":"open","sticky":false,"template":"","format":"standard","meta":{"_seopress_robots_primary_cat":"","_seopress_titles_title":"","_seopress_titles_desc":"","_seopress_robots_index":"","footnotes":""},"categories":[88,69],"tags":[],"class_list":["post-2936","post","type-post","status-publish","format-standard","hentry","category-covid-19-editais","category-editais"],"_links":{"self":[{"href":"https:\/\/oeirasdopara.pa.gov.br\/novo\/wp-json\/wp\/v2\/posts\/2936","targetHints":{"allow":["GET"]}}],"collection":[{"href":"https:\/\/oeirasdopara.pa.gov.br\/novo\/wp-json\/wp\/v2\/posts"}],"about":[{"href":"https:\/\/oeirasdopara.pa.gov.br\/novo\/wp-json\/wp\/v2\/types\/post"}],"author":[{"embeddable":true,"href":"https:\/\/oeirasdopara.pa.gov.br\/novo\/wp-json\/wp\/v2\/users\/8"}],"replies":[{"embeddable":true,"href":"https:\/\/oeirasdopara.pa.gov.br\/novo\/wp-json\/wp\/v2\/comments?post=2936"}],"version-history":[{"count":5,"href":"https:\/\/oeirasdopara.pa.gov.br\/novo\/wp-json\/wp\/v2\/posts\/2936\/revisions"}],"predecessor-version":[{"id":3457,"href":"https:\/\/oeirasdopara.pa.gov.br\/novo\/wp-json\/wp\/v2\/posts\/2936\/revisions\/3457"}],"wp:attachment":[{"href":"https:\/\/oeirasdopara.pa.gov.br\/novo\/wp-json\/wp\/v2\/media?parent=2936"}],"wp:term":[{"taxonomy":"category","embeddable":true,"href":"https:\/\/oeirasdopara.pa.gov.br\/novo\/wp-json\/wp\/v2\/categories?post=2936"},{"taxonomy":"post_tag","embeddable":true,"href":"https:\/\/oeirasdopara.pa.gov.br\/novo\/wp-json\/wp\/v2\/tags?post=2936"}],"curies":[{"name":"wp","href":"https:\/\/api.w.org\/{rel}","templated":true}]}}