{"id":2922,"date":"2020-06-22T12:49:32","date_gmt":"2020-06-22T12:49:32","guid":{"rendered":"http:\/\/www.oeirasdopara.pa.gov.br\/?p=2922"},"modified":"2020-08-13T14:14:43","modified_gmt":"2020-08-13T14:14:43","slug":"dispensa-de-licitacao-no-7-2020-00034-2","status":"publish","type":"post","link":"https:\/\/oeirasdopara.pa.gov.br\/novo\/dispensa-de-licitacao-no-7-2020-00034-2\/","title":{"rendered":"DISPENSA DE LICITA\u00c7\u00c3O N\u00ba 7\/2020-00034"},"content":{"rendered":"<p><strong>SECRETARIA: <\/strong>DE SA\u00daDE<br \/>\n<strong>MODALIDADE: <\/strong>DISPENSA DE LICITA\u00c7\u00c3O<br \/>\n<strong>PROCESSO LICITAT\u00d3RIO: <\/strong>N\u00ba 7\/2020-00034<\/p>\n<p><strong>OBJETO:\u00a0<\/strong>CONTRATA\u00c7\u00c3O DE EMPRESA ESPECIALIZADA PARA AQUISI\u00c7\u00c3O DE SERVI\u00c7OS DE REFEI\u00c7\u00c3O ESTILO MARMITEX, EM ATENDIMENTO AS NECESSIDADES DA SECRETARIA MUNICIPAL DE SA\u00daDE DE OEIRAS DO PAR\u00c1.<\/p>\n<p><strong>VALOR: <\/strong>R$ 11.200,00<br \/>\n<strong>EMPRESA: <\/strong>WALTER DA C. AZEVEDO FILHO ME<strong><br \/>\nCNPJ:<\/strong> 20.214.079\/0001-60<br \/>\n<strong>CONTRATO: <\/strong>27 de Maio de 2020 a 27 de Julho de 2020<br \/>\n<strong>VIG\u00caNCIA: <\/strong>27 de Maio de 2020 a 27 de Julho de 2020<br \/>\n<strong>PRAZO DE ENTREGA: <\/strong>IMEDIATO<\/p>\n<ul>\n<li><a href=\"http:\/\/www.oeirasdopara.pa.gov.br\/wp-content\/uploads\/2020\/06\/DECRETO-DE-EMERGENCIA-6.pdf\">DECRETO DE EMERGENCIA<\/a><\/li>\n<li><a href=\"http:\/\/www.oeirasdopara.pa.gov.br\/wp-content\/uploads\/2020\/06\/INDICA\u00c7\u00c3O-DO-SITE-4.pdf\">INDICA\u00c7\u00c3O DO SITE<\/a><\/li>\n<li><a href=\"http:\/\/www.oeirasdopara.pa.gov.br\/wp-content\/uploads\/2020\/06\/JUSTIFICATIVA-DA-ESCOLHA-4.pdf\">JUSTIFICATIVA DA ESCOLHA<\/a><\/li>\n<li><a href=\"http:\/\/www.oeirasdopara.pa.gov.br\/wp-content\/uploads\/2020\/06\/JUSTIFICATIVA-PARA-CONTRATA\u00c7\u00c3O-6.pdf\">JUSTIFICATIVA PARA CONTRATA\u00c7\u00c3O<\/a><\/li>\n<li><a href=\"http:\/\/www.oeirasdopara.pa.gov.br\/wp-content\/uploads\/2020\/06\/MAPA-DE-PRE\u00c7O-4.pdf\">MAPA DE PRE\u00c7O<\/a><\/li>\n<li><a href=\"http:\/\/www.oeirasdopara.pa.gov.br\/wp-content\/uploads\/2020\/06\/MINUTA-DE-CONTRATO-8.pdf\">MINUTA DE CONTRATO<\/a><\/li>\n<li><a href=\"http:\/\/www.oeirasdopara.pa.gov.br\/wp-content\/uploads\/2020\/06\/PARECER-JURIDICO-4.pdf\">PARECER JURIDICO<\/a><\/li>\n<li><a href=\"http:\/\/www.oeirasdopara.pa.gov.br\/wp-content\/uploads\/2020\/06\/SOLICITA\u00c7\u00c3O-PARA-AQUISI\u00c7\u00c3O-9.pdf\">SOLICITA\u00c7\u00c3O PARA AQUISI\u00c7\u00c3O<\/a><\/li>\n<li><a href=\"http:\/\/www.oeirasdopara.pa.gov.br\/wp-content\/uploads\/2020\/06\/TERMO-DE-RATIFICA\u00c7\u00c3O-1-5.pdf\">TERMO DE RATIFICA\u00c7\u00c3O (1)<\/a><\/li>\n<li><a href=\"http:\/\/www.oeirasdopara.pa.gov.br\/wp-content\/uploads\/2020\/06\/TERMO-DE-RATIFICA\u00c7\u00c3O-2-2.pdf\">TERMO DE RATIFICA\u00c7\u00c3O (2)<\/a><\/li>\n<li><a href=\"http:\/\/www.oeirasdopara.pa.gov.br\/wp-content\/uploads\/2020\/06\/TERMO-DE-REFER\u00caNCIA-12.pdf\">TERMO DE REFER\u00caNCIA<\/a><\/li>\n<\/ul>\n<p><strong>ANEXO EM FORMATO ABERTO<\/strong><\/p>\n<ul>\n<li><a href=\"https:\/\/www.oeirasdopara.pa.gov.br\/wp-content\/uploads\/2020\/06\/CONTRATO-N\u00ba-20200276-SAUDE-WALTER-AZEVEDO.pdf\">CONTRATO N\u00ba 20200276 SAUDE WALTER AZEVEDO<\/a><\/li>\n<\/ul>\n","protected":false},"excerpt":{"rendered":"<p>SECRETARIA: DE SA\u00daDE MODALIDADE: DISPENSA DE LICITA\u00c7\u00c3O PROCESSO LICITAT\u00d3RIO: N\u00ba 7\/2020-00034 OBJETO:\u00a0CONTRATA\u00c7\u00c3O DE EMPRESA ESPECIALIZADA PARA AQUISI\u00c7\u00c3O DE SERVI\u00c7OS DE REFEI\u00c7\u00c3O ESTILO MARMITEX, EM ATENDIMENTO AS NECESSIDADES DA SECRETARIA MUNICIPAL DE SA\u00daDE DE OEIRAS DO PAR\u00c1. VALOR: R$ 11.200,00 EMPRESA: WALTER DA C. AZEVEDO FILHO ME CNPJ: 20.214.079\/0001-60 CONTRATO: 27 de Maio de 2020 a [&hellip;]<\/p>\n","protected":false},"author":8,"featured_media":0,"comment_status":"closed","ping_status":"open","sticky":false,"template":"","format":"standard","meta":{"_seopress_robots_primary_cat":"","_seopress_titles_title":"","_seopress_titles_desc":"","_seopress_robots_index":"","footnotes":""},"categories":[88,69],"tags":[],"class_list":["post-2922","post","type-post","status-publish","format-standard","hentry","category-covid-19-editais","category-editais"],"_links":{"self":[{"href":"https:\/\/oeirasdopara.pa.gov.br\/novo\/wp-json\/wp\/v2\/posts\/2922","targetHints":{"allow":["GET"]}}],"collection":[{"href":"https:\/\/oeirasdopara.pa.gov.br\/novo\/wp-json\/wp\/v2\/posts"}],"about":[{"href":"https:\/\/oeirasdopara.pa.gov.br\/novo\/wp-json\/wp\/v2\/types\/post"}],"author":[{"embeddable":true,"href":"https:\/\/oeirasdopara.pa.gov.br\/novo\/wp-json\/wp\/v2\/users\/8"}],"replies":[{"embeddable":true,"href":"https:\/\/oeirasdopara.pa.gov.br\/novo\/wp-json\/wp\/v2\/comments?post=2922"}],"version-history":[{"count":5,"href":"https:\/\/oeirasdopara.pa.gov.br\/novo\/wp-json\/wp\/v2\/posts\/2922\/revisions"}],"predecessor-version":[{"id":3458,"href":"https:\/\/oeirasdopara.pa.gov.br\/novo\/wp-json\/wp\/v2\/posts\/2922\/revisions\/3458"}],"wp:attachment":[{"href":"https:\/\/oeirasdopara.pa.gov.br\/novo\/wp-json\/wp\/v2\/media?parent=2922"}],"wp:term":[{"taxonomy":"category","embeddable":true,"href":"https:\/\/oeirasdopara.pa.gov.br\/novo\/wp-json\/wp\/v2\/categories?post=2922"},{"taxonomy":"post_tag","embeddable":true,"href":"https:\/\/oeirasdopara.pa.gov.br\/novo\/wp-json\/wp\/v2\/tags?post=2922"}],"curies":[{"name":"wp","href":"https:\/\/api.w.org\/{rel}","templated":true}]}}