{"id":2909,"date":"2020-06-22T12:27:47","date_gmt":"2020-06-22T12:27:47","guid":{"rendered":"http:\/\/www.oeirasdopara.pa.gov.br\/?p=2909"},"modified":"2020-08-13T14:37:47","modified_gmt":"2020-08-13T14:37:47","slug":"dispensa-de-licitacao-no-7-2020-00026-2","status":"publish","type":"post","link":"https:\/\/oeirasdopara.pa.gov.br\/novo\/dispensa-de-licitacao-no-7-2020-00026-2\/","title":{"rendered":"DISPENSA DE LICITA\u00c7\u00c3O N\u00ba 7\/2020-00026"},"content":{"rendered":"<p><strong>SECRETARIA: <\/strong>DE SA\u00daDE<br \/>\n<strong>MODALIDADE: <\/strong>DISPENSA DE LICITA\u00c7\u00c3O<br \/>\n<strong>PROCESSO LICITAT\u00d3RIO: <\/strong>N\u00ba 7\/2020-00026<\/p>\n<p><strong>OBJETO:\u00a0<\/strong>CONTRATA\u00c7\u00c3O DE EMPRESA ESPECIALIZADA PARA A AQUISI\u00c7\u00c3O DE EQUIPAMENTOS DE PROTE\u00c7\u00c3O INDIVIDUAL (EPI) INSUMOS HOSPITALAR, PARA PROTE\u00c7\u00c3O NO ENFRENTAMENTO DO COVID-19, DOS PROFISSIONAIS DE SA\u00daDE DAS UNIDADES DE SA\u00daDE E DEPARTAMENTOS VINCULADOS A SECRETARIA DE SA\u00daDE.<\/p>\n<p><strong>VALOR: <\/strong>R$ 39.050,00<br \/>\n<strong>EMPRESA: <\/strong>DISPARA HOSPITALAR COMERCIAL E SERVI\u00c7O LTDA -EPP<strong><br \/>\nCNPJ:<\/strong> 20.442.743\/0001-29<br \/>\n<strong>CONTRATO: <\/strong>N\u00ba 20200266<br \/>\n<strong>VIG\u00caNCIA: <\/strong>30 DE MAR\u00c7O DE 2020 A 30 DE MAIO DE 2020<br \/>\n<strong>PRAZO DE ENTREGA: <\/strong>IMEDIATO<\/p>\n<ul>\n<li><a href=\"http:\/\/www.oeirasdopara.pa.gov.br\/wp-content\/uploads\/2020\/06\/DECRETO-MUNICIPAL-N-006_2020-DISP\u00d5E-SOBRE-O-ESTADO-DE-EMERG\u00caNCIA-DA-SA\u00daDE-MUNICIPAL.-4.pdf\">DECRETO MUNICIPAL N 006_2020 &#8211; DISP\u00d5E SOBRE O ESTADO DE EMERG\u00caNCIA DA SA\u00daDE MUNICIPAL.<\/a><\/li>\n<li><a href=\"http:\/\/www.oeirasdopara.pa.gov.br\/wp-content\/uploads\/2020\/06\/ESTIMATIVA-DE-PRE\u00c7O-MAPA-COMPARATIVO-4.pdf\">ESTIMATIVA DE PRE\u00c7O &#8211; MAPA COMPARATIVO<\/a><\/li>\n<li><a href=\"http:\/\/www.oeirasdopara.pa.gov.br\/wp-content\/uploads\/2020\/06\/INDICA\u00c7\u00c3O-DE-PUBLICA\u00c7\u00c3O-7.pdf\">INDICA\u00c7\u00c3O DE PUBLICA\u00c7\u00c3O<\/a><\/li>\n<li><a href=\"http:\/\/www.oeirasdopara.pa.gov.br\/wp-content\/uploads\/2020\/06\/JUSTIFICATIVA-DA-RAZ\u00c3O-DE-ESCOLHA-DO-FORNECEDOR-4.pdf\">JUSTIFICATIVA DA RAZ\u00c3O DE ESCOLHA DO FORNECEDOR<\/a><\/li>\n<li><a href=\"http:\/\/www.oeirasdopara.pa.gov.br\/wp-content\/uploads\/2020\/06\/JUSTIFICATIVA-PARA-AQUISI\u00c7\u00c3O-4.pdf\">JUSTIFICATIVA PARA AQUISI\u00c7\u00c3O<\/a><\/li>\n<li><a href=\"http:\/\/www.oeirasdopara.pa.gov.br\/wp-content\/uploads\/2020\/06\/MINUTA-DO-CONTRATO-3.pdf\">MINUTA DO CONTRATO<\/a><\/li>\n<li><a href=\"http:\/\/www.oeirasdopara.pa.gov.br\/wp-content\/uploads\/2020\/06\/PARECER-JUR\u00cdDICO-7.pdf\">PARECER JUR\u00cdDICO<\/a><\/li>\n<li><a href=\"http:\/\/www.oeirasdopara.pa.gov.br\/wp-content\/uploads\/2020\/06\/SOLICITA\u00c7\u00c3O-PARA-AQUISI\u00c7\u00c3O-8.pdf\">SOLICITA\u00c7\u00c3O PARA AQUISI\u00c7\u00c3O<\/a><\/li>\n<li><a href=\"http:\/\/www.oeirasdopara.pa.gov.br\/wp-content\/uploads\/2020\/06\/TERMO-DE-RATIFICA\u00c7\u00c3O-1-4.pdf\">TERMO DE RATIFICA\u00c7\u00c3O (1)<\/a><\/li>\n<li><a href=\"http:\/\/www.oeirasdopara.pa.gov.br\/wp-content\/uploads\/2020\/06\/TERMO-DE-RATIFICA\u00c7\u00c3O-8.pdf\">TERMO DE RATIFICA\u00c7\u00c3O<\/a><\/li>\n<li><a href=\"http:\/\/www.oeirasdopara.pa.gov.br\/wp-content\/uploads\/2020\/06\/TERMO-DE-REFER\u00caNCIA-11.pdf\">TERMO DE REFER\u00caNCIA<\/a><\/li>\n<\/ul>\n<p><strong>ANEXO EM FORMATO ABERTO<\/strong><\/p>\n<ul>\n<li><a href=\"https:\/\/www.oeirasdopara.pa.gov.br\/wp-content\/uploads\/2020\/06\/CONTRATO-N\u00ba-20200266-SAUDE-DISPARA-HOSPITALAR.pdf\">CONTRATO N\u00ba 20200266 SAUDE DISPARA HOSPITALAR<\/a><\/li>\n<\/ul>\n","protected":false},"excerpt":{"rendered":"<p>SECRETARIA: DE SA\u00daDE MODALIDADE: DISPENSA DE LICITA\u00c7\u00c3O PROCESSO LICITAT\u00d3RIO: N\u00ba 7\/2020-00026 OBJETO:\u00a0CONTRATA\u00c7\u00c3O DE EMPRESA ESPECIALIZADA PARA A AQUISI\u00c7\u00c3O DE EQUIPAMENTOS DE PROTE\u00c7\u00c3O INDIVIDUAL (EPI) INSUMOS HOSPITALAR, PARA PROTE\u00c7\u00c3O NO ENFRENTAMENTO DO COVID-19, DOS PROFISSIONAIS DE SA\u00daDE DAS UNIDADES DE SA\u00daDE E DEPARTAMENTOS VINCULADOS A SECRETARIA DE SA\u00daDE. VALOR: R$ 39.050,00 EMPRESA: DISPARA HOSPITALAR COMERCIAL E [&hellip;]<\/p>\n","protected":false},"author":8,"featured_media":0,"comment_status":"closed","ping_status":"open","sticky":false,"template":"","format":"standard","meta":{"_seopress_robots_primary_cat":"","_seopress_titles_title":"","_seopress_titles_desc":"","_seopress_robots_index":"","footnotes":""},"categories":[88,69],"tags":[],"class_list":["post-2909","post","type-post","status-publish","format-standard","hentry","category-covid-19-editais","category-editais"],"_links":{"self":[{"href":"https:\/\/oeirasdopara.pa.gov.br\/novo\/wp-json\/wp\/v2\/posts\/2909","targetHints":{"allow":["GET"]}}],"collection":[{"href":"https:\/\/oeirasdopara.pa.gov.br\/novo\/wp-json\/wp\/v2\/posts"}],"about":[{"href":"https:\/\/oeirasdopara.pa.gov.br\/novo\/wp-json\/wp\/v2\/types\/post"}],"author":[{"embeddable":true,"href":"https:\/\/oeirasdopara.pa.gov.br\/novo\/wp-json\/wp\/v2\/users\/8"}],"replies":[{"embeddable":true,"href":"https:\/\/oeirasdopara.pa.gov.br\/novo\/wp-json\/wp\/v2\/comments?post=2909"}],"version-history":[{"count":4,"href":"https:\/\/oeirasdopara.pa.gov.br\/novo\/wp-json\/wp\/v2\/posts\/2909\/revisions"}],"predecessor-version":[{"id":3459,"href":"https:\/\/oeirasdopara.pa.gov.br\/novo\/wp-json\/wp\/v2\/posts\/2909\/revisions\/3459"}],"wp:attachment":[{"href":"https:\/\/oeirasdopara.pa.gov.br\/novo\/wp-json\/wp\/v2\/media?parent=2909"}],"wp:term":[{"taxonomy":"category","embeddable":true,"href":"https:\/\/oeirasdopara.pa.gov.br\/novo\/wp-json\/wp\/v2\/categories?post=2909"},{"taxonomy":"post_tag","embeddable":true,"href":"https:\/\/oeirasdopara.pa.gov.br\/novo\/wp-json\/wp\/v2\/tags?post=2909"}],"curies":[{"name":"wp","href":"https:\/\/api.w.org\/{rel}","templated":true}]}}