{"id":2806,"date":"2020-06-18T15:23:58","date_gmt":"2020-06-18T15:23:58","guid":{"rendered":"http:\/\/www.oeirasdopara.pa.gov.br\/?p=2806"},"modified":"2020-08-13T15:39:41","modified_gmt":"2020-08-13T15:39:41","slug":"dispensa-de-licitacao-no-7-2020-00030-a","status":"publish","type":"post","link":"https:\/\/oeirasdopara.pa.gov.br\/novo\/dispensa-de-licitacao-no-7-2020-00030-a\/","title":{"rendered":"DISPENSA DE LICITA\u00c7\u00c3O N\u00ba 7\/2020-00030-A"},"content":{"rendered":"<p><strong>SECRETARIA: <\/strong>DE SA\u00daDE<br \/>\n<strong>MODALIDADE: <\/strong>DISPENSA DE LICITA\u00c7\u00c3O<br \/>\n<strong>PROCESSO LICITAT\u00d3RIO: <\/strong>N\u00ba 7\/2020-00030-A<\/p>\n<p>OBJETO: CONTRATA\u00c7\u00c3O DE EMPRESA ESPECIALIZADA PARA AQUISI\u00c7\u00c3O DE TESTE R\u00c1PIDO PARA COVID-19 E PROTE\u00c7\u00c3O FACIAL PARA PACIENTES SINTOM\u00c1TICOS E PROTE\u00c7\u00c3O DOS SERVIDORES MUNICIPAIS DE SA\u00daDE, NO ENFRENTAMENTO DA EMERG\u00caNCIA DE SA\u00daDE PUBLICA DO CORONAV\u00cdRUS.<\/p>\n<p><strong>VALOR: <\/strong>R$ 37.260,00<br \/>\n<strong>EMPRESA: <\/strong>POLYMEDH. EIRELI<strong><br \/>\nCNPJ:<\/strong> 63.848.345\/0001-10<br \/>\n<strong>CONTRATO: <\/strong>N\u00ba 20200265<br \/>\n<strong>VIG\u00caNCIA: <\/strong>13 DE MAIO DE 2020 A 13 DE JULHO DE 2020<br \/>\n<strong>PRAZO DE ENTREGA: <\/strong>IMEDIATO<\/p>\n<ul>\n<li><a href=\"http:\/\/www.oeirasdopara.pa.gov.br\/wp-content\/uploads\/2020\/06\/RATIFICA\u00c7\u00c3O-1.pdf\">RATIFICA\u00c7\u00c3O (1)<\/a><\/li>\n<li><a href=\"http:\/\/www.oeirasdopara.pa.gov.br\/wp-content\/uploads\/2020\/06\/DECRETO-DE-EMERGENCIA-5.pdf\">DECRETO DE EMERGENCIA<\/a><\/li>\n<li><a href=\"http:\/\/www.oeirasdopara.pa.gov.br\/wp-content\/uploads\/2020\/06\/ESTIMATIVA-DE-PRE\u00c7O.pdf\">ESTIMATIVA DE PRE\u00c7O<\/a><\/li>\n<li><a href=\"http:\/\/www.oeirasdopara.pa.gov.br\/wp-content\/uploads\/2020\/06\/INDICA\u00c7\u00c3O-DO-SITE-3.pdf\">INDICA\u00c7\u00c3O DO SITE<\/a><\/li>\n<li><a href=\"http:\/\/www.oeirasdopara.pa.gov.br\/wp-content\/uploads\/2020\/06\/JUSTIFICATIVA-DA-ESCOLHA-3.pdf\">JUSTIFICATIVA DA ESCOLHA<\/a><\/li>\n<li><a href=\"http:\/\/www.oeirasdopara.pa.gov.br\/wp-content\/uploads\/2020\/06\/JUSTIFICATIVA-PARA-CONTRATA\u00c7\u00c3O-2.pdf\">JUSTIFICATIVA PARA CONTRATA\u00c7\u00c3O<\/a><\/li>\n<li><a href=\"http:\/\/www.oeirasdopara.pa.gov.br\/wp-content\/uploads\/2020\/06\/MINUTA-DE-CONTRATO-3.pdf\">MINUTA DE CONTRATO<\/a><\/li>\n<li><a href=\"http:\/\/www.oeirasdopara.pa.gov.br\/wp-content\/uploads\/2020\/06\/PARECER-JURIDICO-3.pdf\">PARECER JURIDICO<\/a><\/li>\n<li><a href=\"http:\/\/www.oeirasdopara.pa.gov.br\/wp-content\/uploads\/2020\/06\/RATIFICA\u00c7\u00c3O-2.pdf\">RATIFICA\u00c7\u00c3O<\/a><\/li>\n<li><a href=\"http:\/\/www.oeirasdopara.pa.gov.br\/wp-content\/uploads\/2020\/06\/TERMO-DE-REFER\u00caNCIA-3.pdf\">TERMO DE REFER\u00caNCIA<\/a><\/li>\n<li><a href=\"http:\/\/www.oeirasdopara.pa.gov.br\/wp-content\/uploads\/2020\/06\/TERMO-DE-REFER\u00caNCIA-4.pdf\">TERMO DE REFER\u00caNCIA<\/a><\/li>\n<\/ul>\n<p><strong>ANEXO EM FORMATO ABERTO<\/strong><\/p>\n<ul>\n<li><a href=\"https:\/\/www.oeirasdopara.pa.gov.br\/wp-content\/uploads\/2020\/06\/CONTRATO-N\u00ba-20200265-SAUDE-POLYMEDH.pdf\">CONTRATO N\u00ba 20200265 SAUDE POLYMEDH<\/a><\/li>\n<\/ul>\n","protected":false},"excerpt":{"rendered":"<p>SECRETARIA: DE SA\u00daDE MODALIDADE: DISPENSA DE LICITA\u00c7\u00c3O PROCESSO LICITAT\u00d3RIO: N\u00ba 7\/2020-00030-A OBJETO: CONTRATA\u00c7\u00c3O DE EMPRESA ESPECIALIZADA PARA AQUISI\u00c7\u00c3O DE TESTE R\u00c1PIDO PARA COVID-19 E PROTE\u00c7\u00c3O FACIAL PARA PACIENTES SINTOM\u00c1TICOS E PROTE\u00c7\u00c3O DOS SERVIDORES MUNICIPAIS DE SA\u00daDE, NO ENFRENTAMENTO DA EMERG\u00caNCIA DE SA\u00daDE PUBLICA DO CORONAV\u00cdRUS. VALOR: R$ 37.260,00 EMPRESA: POLYMEDH. EIRELI CNPJ: 63.848.345\/0001-10 CONTRATO: N\u00ba [&hellip;]<\/p>\n","protected":false},"author":8,"featured_media":0,"comment_status":"closed","ping_status":"open","sticky":false,"template":"","format":"standard","meta":{"_seopress_robots_primary_cat":"","_seopress_titles_title":"","_seopress_titles_desc":"","_seopress_robots_index":"","footnotes":""},"categories":[88,69],"tags":[],"class_list":["post-2806","post","type-post","status-publish","format-standard","hentry","category-covid-19-editais","category-editais"],"_links":{"self":[{"href":"https:\/\/oeirasdopara.pa.gov.br\/novo\/wp-json\/wp\/v2\/posts\/2806","targetHints":{"allow":["GET"]}}],"collection":[{"href":"https:\/\/oeirasdopara.pa.gov.br\/novo\/wp-json\/wp\/v2\/posts"}],"about":[{"href":"https:\/\/oeirasdopara.pa.gov.br\/novo\/wp-json\/wp\/v2\/types\/post"}],"author":[{"embeddable":true,"href":"https:\/\/oeirasdopara.pa.gov.br\/novo\/wp-json\/wp\/v2\/users\/8"}],"replies":[{"embeddable":true,"href":"https:\/\/oeirasdopara.pa.gov.br\/novo\/wp-json\/wp\/v2\/comments?post=2806"}],"version-history":[{"count":4,"href":"https:\/\/oeirasdopara.pa.gov.br\/novo\/wp-json\/wp\/v2\/posts\/2806\/revisions"}],"predecessor-version":[{"id":3463,"href":"https:\/\/oeirasdopara.pa.gov.br\/novo\/wp-json\/wp\/v2\/posts\/2806\/revisions\/3463"}],"wp:attachment":[{"href":"https:\/\/oeirasdopara.pa.gov.br\/novo\/wp-json\/wp\/v2\/media?parent=2806"}],"wp:term":[{"taxonomy":"category","embeddable":true,"href":"https:\/\/oeirasdopara.pa.gov.br\/novo\/wp-json\/wp\/v2\/categories?post=2806"},{"taxonomy":"post_tag","embeddable":true,"href":"https:\/\/oeirasdopara.pa.gov.br\/novo\/wp-json\/wp\/v2\/tags?post=2806"}],"curies":[{"name":"wp","href":"https:\/\/api.w.org\/{rel}","templated":true}]}}