{"id":2772,"date":"2020-06-18T12:40:02","date_gmt":"2020-06-18T12:40:02","guid":{"rendered":"http:\/\/www.oeirasdopara.pa.gov.br\/?p=2772"},"modified":"2020-07-24T18:22:07","modified_gmt":"2020-07-24T18:22:07","slug":"dispensa-de-licitacao-no-7-2020-00034","status":"publish","type":"post","link":"https:\/\/oeirasdopara.pa.gov.br\/novo\/dispensa-de-licitacao-no-7-2020-00034\/","title":{"rendered":"DISPENSA DE LICITA\u00c7\u00c3O N\u00ba 7\/2020-00034"},"content":{"rendered":"<p><strong>OBJETO:\u00a0<\/strong>CONTRATA\u00c7\u00c3O DE EMPRESA ESPECIALIZADA PARA AQUISI\u00c7\u00c3O DE SERVI\u00c7OS DE REFEI\u00c7\u00c3O TIPO MARMITEX, EM ATENDIMENTO AS NECESSIDADES DA SECRETARIA MUNICIPAL DE SA\u00daDE\u00a0 DE OEIRAS DO PAR\u00c1.<\/p>\n<ul>\n<li><strong><a href=\"http:\/\/www.oeirasdopara.pa.gov.br\/wp-content\/uploads\/2020\/06\/PARECER-JURIDICO-2.pdf\">PARECER JURIDICO<\/a><\/strong><\/li>\n<li><strong> <a href=\"http:\/\/www.oeirasdopara.pa.gov.br\/wp-content\/uploads\/2020\/06\/TERMO-DE-REFER\u00caNCIA-2.pdf\">TERMO DE REFER\u00caNCIA<\/a><\/strong><\/li>\n<li><strong> <a href=\"http:\/\/www.oeirasdopara.pa.gov.br\/wp-content\/uploads\/2020\/06\/SOLICITA\u00c7\u00c3O-PARA-AQUISI\u00c7\u00c3O-2.pdf\">SOLICITA\u00c7\u00c3O PARA AQUISI\u00c7\u00c3O<\/a><\/strong><\/li>\n<li><strong> <a href=\"http:\/\/www.oeirasdopara.pa.gov.br\/wp-content\/uploads\/2020\/06\/TERMO-DE-RATIFICA\u00c7\u00c3O-4-2.pdf\">TERMO DE RATIFICA\u00c7\u00c3O 1<\/a><\/strong><\/li>\n<li><strong> <a href=\"http:\/\/www.oeirasdopara.pa.gov.br\/wp-content\/uploads\/2020\/06\/MINUTA-DE-CONTRATO-2.pdf\">MINUTA DE CONTRATO<\/a> <\/strong><\/li>\n<li><strong><a href=\"http:\/\/www.oeirasdopara.pa.gov.br\/wp-content\/uploads\/2020\/06\/JUSTIFICATIVA-PARA-CONTRATA\u00c7\u00c3O-1.pdf\">JUSTIFICATIVA PARA CONTRATA\u00c7\u00c3O<\/a> <\/strong><\/li>\n<li><strong><a href=\"http:\/\/www.oeirasdopara.pa.gov.br\/wp-content\/uploads\/2020\/06\/JUSTIFICATIVA-DA-ESCOLHA-2.pdf\">JUSTIFICATIVA DA ESCOLHA<\/a><\/strong><\/li>\n<li><strong> <a href=\"http:\/\/www.oeirasdopara.pa.gov.br\/wp-content\/uploads\/2020\/06\/INDICA\u00c7\u00c3O-DO-SITE-2.pdf\">INDICA\u00c7\u00c3O DO SITE<\/a><\/strong><\/li>\n<li><strong> <a href=\"http:\/\/www.oeirasdopara.pa.gov.br\/wp-content\/uploads\/2020\/06\/MAPA-DE-PRE\u00c7O-3.pdf\">MAPA DE PRE\u00c7O<\/a><\/strong><\/li>\n<li><strong> <a href=\"http:\/\/www.oeirasdopara.pa.gov.br\/wp-content\/uploads\/2020\/06\/DECRETO-DE-EMERGENCIA-3.pdf\">DECRETO DE EMERGENCIA<\/a><\/strong><\/li>\n<li><strong> <a href=\"http:\/\/www.oeirasdopara.pa.gov.br\/wp-content\/uploads\/2020\/06\/TERMO-DE-RATIFICA\u00c7\u00c3O.pdf\">TERMO DE RATIFICA\u00c7\u00c3O<\/a>\u00a0<\/strong><\/li>\n<\/ul>\n<p>&nbsp;<\/p>\n","protected":false},"excerpt":{"rendered":"<p>OBJETO:\u00a0CONTRATA\u00c7\u00c3O DE EMPRESA ESPECIALIZADA PARA AQUISI\u00c7\u00c3O DE SERVI\u00c7OS DE REFEI\u00c7\u00c3O TIPO MARMITEX, EM ATENDIMENTO AS NECESSIDADES DA SECRETARIA MUNICIPAL DE SA\u00daDE\u00a0 DE OEIRAS DO PAR\u00c1. PARECER JURIDICO TERMO DE REFER\u00caNCIA SOLICITA\u00c7\u00c3O PARA AQUISI\u00c7\u00c3O TERMO DE RATIFICA\u00c7\u00c3O 1 MINUTA DE CONTRATO JUSTIFICATIVA PARA CONTRATA\u00c7\u00c3O JUSTIFICATIVA DA ESCOLHA INDICA\u00c7\u00c3O DO SITE MAPA DE PRE\u00c7O DECRETO DE EMERGENCIA [&hellip;]<\/p>\n","protected":false},"author":8,"featured_media":0,"comment_status":"closed","ping_status":"open","sticky":false,"template":"","format":"standard","meta":{"_seopress_robots_primary_cat":"","_seopress_titles_title":"","_seopress_titles_desc":"","_seopress_robots_index":"","footnotes":""},"categories":[69],"tags":[],"class_list":["post-2772","post","type-post","status-publish","format-standard","hentry","category-editais"],"_links":{"self":[{"href":"https:\/\/oeirasdopara.pa.gov.br\/novo\/wp-json\/wp\/v2\/posts\/2772","targetHints":{"allow":["GET"]}}],"collection":[{"href":"https:\/\/oeirasdopara.pa.gov.br\/novo\/wp-json\/wp\/v2\/posts"}],"about":[{"href":"https:\/\/oeirasdopara.pa.gov.br\/novo\/wp-json\/wp\/v2\/types\/post"}],"author":[{"embeddable":true,"href":"https:\/\/oeirasdopara.pa.gov.br\/novo\/wp-json\/wp\/v2\/users\/8"}],"replies":[{"embeddable":true,"href":"https:\/\/oeirasdopara.pa.gov.br\/novo\/wp-json\/wp\/v2\/comments?post=2772"}],"version-history":[{"count":4,"href":"https:\/\/oeirasdopara.pa.gov.br\/novo\/wp-json\/wp\/v2\/posts\/2772\/revisions"}],"predecessor-version":[{"id":2805,"href":"https:\/\/oeirasdopara.pa.gov.br\/novo\/wp-json\/wp\/v2\/posts\/2772\/revisions\/2805"}],"wp:attachment":[{"href":"https:\/\/oeirasdopara.pa.gov.br\/novo\/wp-json\/wp\/v2\/media?parent=2772"}],"wp:term":[{"taxonomy":"category","embeddable":true,"href":"https:\/\/oeirasdopara.pa.gov.br\/novo\/wp-json\/wp\/v2\/categories?post=2772"},{"taxonomy":"post_tag","embeddable":true,"href":"https:\/\/oeirasdopara.pa.gov.br\/novo\/wp-json\/wp\/v2\/tags?post=2772"}],"curies":[{"name":"wp","href":"https:\/\/api.w.org\/{rel}","templated":true}]}}