{"id":2754,"date":"2020-06-17T02:11:11","date_gmt":"2020-06-17T02:11:11","guid":{"rendered":"http:\/\/www.oeirasdopara.pa.gov.br\/?p=2754"},"modified":"2020-06-17T02:11:35","modified_gmt":"2020-06-17T02:11:35","slug":"pregao-presencial-por-sistema-de-registro-de-precos-no-9-2020-00005-cpl-pmop","status":"publish","type":"post","link":"https:\/\/oeirasdopara.pa.gov.br\/novo\/pregao-presencial-por-sistema-de-registro-de-precos-no-9-2020-00005-cpl-pmop\/","title":{"rendered":"PREG\u00c3O PRESENCIAL POR SISTEMA DE REGISTRO DE PRE\u00c7OS N\u00ba 9\/2020-00005 &#8211; CPL\/PMOP"},"content":{"rendered":"<p><b>OBJETO<\/b>:\u00a0AQUISI\u00c7\u00c3O DE MATERIAIS DE CONSTRU\u00c7\u00c3O\u00a0DIVERSOS,\u00a0PARA\u00a0ATENDER\u00a0AS\u00a0DEMANDAS\u00a0DA\u00a0PREFEITURA, SECRETARIAS E FUNDOS MUNICIPAIS VINCULADOS DO MUNIC\u00cdPIO DE OEIRAS DO PAR\u00c1.<\/p>\n<ul>\n<li><strong><a href=\"http:\/\/www.oeirasdopara.pa.gov.br\/wp-content\/uploads\/2020\/06\/aviso-de-licita\u00e7\u00e3o-assinado.pdf\">Aviso de Licita\u00e7\u00e3o<\/a><\/strong><\/li>\n<li><strong><a href=\"http:\/\/www.oeirasdopara.pa.gov.br\/wp-content\/uploads\/2020\/06\/EDITAL-13-PREG\u00c3O-P-SRP-MATERIAL-DE-CONSTRU\u00c7\u00c3O-assinado.pdf\">EDITAL <\/a><\/strong><\/li>\n<\/ul>\n","protected":false},"excerpt":{"rendered":"<p>OBJETO:\u00a0AQUISI\u00c7\u00c3O DE MATERIAIS DE CONSTRU\u00c7\u00c3O\u00a0DIVERSOS,\u00a0PARA\u00a0ATENDER\u00a0AS\u00a0DEMANDAS\u00a0DA\u00a0PREFEITURA, SECRETARIAS E FUNDOS MUNICIPAIS VINCULADOS DO MUNIC\u00cdPIO DE OEIRAS DO PAR\u00c1. Aviso de Licita\u00e7\u00e3o EDITAL<\/p>\n","protected":false},"author":8,"featured_media":0,"comment_status":"closed","ping_status":"open","sticky":false,"template":"","format":"standard","meta":{"_seopress_robots_primary_cat":"","_seopress_titles_title":"","_seopress_titles_desc":"","_seopress_robots_index":"","footnotes":""},"categories":[69],"tags":[],"class_list":["post-2754","post","type-post","status-publish","format-standard","hentry","category-editais"],"_links":{"self":[{"href":"https:\/\/oeirasdopara.pa.gov.br\/novo\/wp-json\/wp\/v2\/posts\/2754","targetHints":{"allow":["GET"]}}],"collection":[{"href":"https:\/\/oeirasdopara.pa.gov.br\/novo\/wp-json\/wp\/v2\/posts"}],"about":[{"href":"https:\/\/oeirasdopara.pa.gov.br\/novo\/wp-json\/wp\/v2\/types\/post"}],"author":[{"embeddable":true,"href":"https:\/\/oeirasdopara.pa.gov.br\/novo\/wp-json\/wp\/v2\/users\/8"}],"replies":[{"embeddable":true,"href":"https:\/\/oeirasdopara.pa.gov.br\/novo\/wp-json\/wp\/v2\/comments?post=2754"}],"version-history":[{"count":2,"href":"https:\/\/oeirasdopara.pa.gov.br\/novo\/wp-json\/wp\/v2\/posts\/2754\/revisions"}],"predecessor-version":[{"id":2758,"href":"https:\/\/oeirasdopara.pa.gov.br\/novo\/wp-json\/wp\/v2\/posts\/2754\/revisions\/2758"}],"wp:attachment":[{"href":"https:\/\/oeirasdopara.pa.gov.br\/novo\/wp-json\/wp\/v2\/media?parent=2754"}],"wp:term":[{"taxonomy":"category","embeddable":true,"href":"https:\/\/oeirasdopara.pa.gov.br\/novo\/wp-json\/wp\/v2\/categories?post=2754"},{"taxonomy":"post_tag","embeddable":true,"href":"https:\/\/oeirasdopara.pa.gov.br\/novo\/wp-json\/wp\/v2\/tags?post=2754"}],"curies":[{"name":"wp","href":"https:\/\/api.w.org\/{rel}","templated":true}]}}