{"id":2734,"date":"2020-04-28T14:47:40","date_gmt":"2020-04-28T14:47:40","guid":{"rendered":"http:\/\/www.oeirasdopara.pa.gov.br\/?p=2734"},"modified":"2020-05-11T18:35:43","modified_gmt":"2020-05-11T18:35:43","slug":"pregao-presencial-por-srp-no-11-2020-cpl-pmop","status":"publish","type":"post","link":"https:\/\/oeirasdopara.pa.gov.br\/novo\/pregao-presencial-por-srp-no-11-2020-cpl-pmop\/","title":{"rendered":"PREG\u00c3O PRESENCIAL POR SRP N\u00ba 11\/2020 &#8211; CPL\/PMOP"},"content":{"rendered":"<p>OBJETO: CONTRATA\u00c7\u00c3O DE EMPRESA FORNECEDORA DE URNAS E SERVI\u00c7OS FUNER\u00c1RIOS, EM ATENDIMENTO A POPULA\u00c7\u00c3O DE BAIXA RENDA DO MUNICIPIO DE OEIRAS DO PAR\u00c1, NO \u00c2MBITO DAS A\u00c7\u00d5ES DA SECRETARIA MUNICIPAL DE ASSIST\u00caNCIA SOCIAL.<\/p>\n<ul>\n<li><a href=\"http:\/\/www.oeirasdopara.pa.gov.br\/wp-content\/uploads\/2020\/04\/EDITAL-10-PREG\u00c3O-P-SRP-SERVI\u00c7OS-FUNER\u00c1RIOS-ASSINADO.pdf\">EDITAL &#8211; 10 &#8211; PREG\u00c3O P &#8211; SRP &#8211; SERVI\u00c7OS FUNER\u00c1RIOS -ASSINADO<\/a><\/li>\n<\/ul>\n","protected":false},"excerpt":{"rendered":"<p>OBJETO: CONTRATA\u00c7\u00c3O DE EMPRESA FORNECEDORA DE URNAS E SERVI\u00c7OS FUNER\u00c1RIOS, EM ATENDIMENTO A POPULA\u00c7\u00c3O DE BAIXA RENDA DO MUNICIPIO DE OEIRAS DO PAR\u00c1, NO \u00c2MBITO DAS A\u00c7\u00d5ES DA SECRETARIA MUNICIPAL DE ASSIST\u00caNCIA SOCIAL. EDITAL &#8211; 10 &#8211; PREG\u00c3O P &#8211; SRP &#8211; SERVI\u00c7OS FUNER\u00c1RIOS -ASSINADO<\/p>\n","protected":false},"author":8,"featured_media":0,"comment_status":"closed","ping_status":"open","sticky":false,"template":"","format":"standard","meta":{"_seopress_robots_primary_cat":"","_seopress_titles_title":"","_seopress_titles_desc":"","_seopress_robots_index":"","footnotes":""},"categories":[69],"tags":[],"class_list":["post-2734","post","type-post","status-publish","format-standard","hentry","category-editais"],"_links":{"self":[{"href":"https:\/\/oeirasdopara.pa.gov.br\/novo\/wp-json\/wp\/v2\/posts\/2734","targetHints":{"allow":["GET"]}}],"collection":[{"href":"https:\/\/oeirasdopara.pa.gov.br\/novo\/wp-json\/wp\/v2\/posts"}],"about":[{"href":"https:\/\/oeirasdopara.pa.gov.br\/novo\/wp-json\/wp\/v2\/types\/post"}],"author":[{"embeddable":true,"href":"https:\/\/oeirasdopara.pa.gov.br\/novo\/wp-json\/wp\/v2\/users\/8"}],"replies":[{"embeddable":true,"href":"https:\/\/oeirasdopara.pa.gov.br\/novo\/wp-json\/wp\/v2\/comments?post=2734"}],"version-history":[{"count":2,"href":"https:\/\/oeirasdopara.pa.gov.br\/novo\/wp-json\/wp\/v2\/posts\/2734\/revisions"}],"predecessor-version":[{"id":2745,"href":"https:\/\/oeirasdopara.pa.gov.br\/novo\/wp-json\/wp\/v2\/posts\/2734\/revisions\/2745"}],"wp:attachment":[{"href":"https:\/\/oeirasdopara.pa.gov.br\/novo\/wp-json\/wp\/v2\/media?parent=2734"}],"wp:term":[{"taxonomy":"category","embeddable":true,"href":"https:\/\/oeirasdopara.pa.gov.br\/novo\/wp-json\/wp\/v2\/categories?post=2734"},{"taxonomy":"post_tag","embeddable":true,"href":"https:\/\/oeirasdopara.pa.gov.br\/novo\/wp-json\/wp\/v2\/tags?post=2734"}],"curies":[{"name":"wp","href":"https:\/\/api.w.org\/{rel}","templated":true}]}}