{"id":2569,"date":"2020-03-04T20:16:05","date_gmt":"2020-03-04T20:16:05","guid":{"rendered":"http:\/\/www.oeirasdopara.pa.gov.br\/?p=2569"},"modified":"2020-03-17T23:11:31","modified_gmt":"2020-03-17T23:11:31","slug":"pregao-presencial-por-sistema-de-registro-de-precos-no-9-2020-00002","status":"publish","type":"post","link":"https:\/\/oeirasdopara.pa.gov.br\/novo\/pregao-presencial-por-sistema-de-registro-de-precos-no-9-2020-00002\/","title":{"rendered":"PREG\u00c3O PRESENCIAL POR SISTEMA DE REGISTRO DE PRE\u00c7OS N\u00ba 9\/2020-00002"},"content":{"rendered":"<p><b>OBJETO<\/b>:\u00a0Contrata\u00e7\u00e3o de Empresa Fornecedora de Combust\u00edveis e Lubrificantes diversos, em atendimento as necessidades da Prefeitura de Oeiras do Par\u00e1, atrav\u00e9s das Secretarias e Fundos Municipais vinculados.<\/p>\n<p>&nbsp;<\/p>\n<p>[button color=&#8221;green&#8221; size=&#8221;medium&#8221; link=&#8221;http:\/\/www.oeirasdopara.pa.gov.br\/wp-content\/uploads\/2020\/03\/10-EDITAL-Combust\u00edvel.pdf&#8221; icon=&#8221;&#8221; target=&#8221;true&#8221;]Edital &#8211; Combust\u00edvel[\/button]<\/p>\n<p>&nbsp;<\/p>\n","protected":false},"excerpt":{"rendered":"<p>OBJETO:\u00a0Contrata\u00e7\u00e3o de Empresa Fornecedora de Combust\u00edveis e Lubrificantes diversos, em atendimento as necessidades da Prefeitura de Oeiras do Par\u00e1, atrav\u00e9s das Secretarias e Fundos Municipais vinculados. &nbsp; [button color=&#8221;green&#8221; size=&#8221;medium&#8221; link=&#8221;http:\/\/www.oeirasdopara.pa.gov.br\/wp-content\/uploads\/2020\/03\/10-EDITAL-Combust\u00edvel.pdf&#8221; icon=&#8221;&#8221; target=&#8221;true&#8221;]Edital &#8211; Combust\u00edvel[\/button] &nbsp;<\/p>\n","protected":false},"author":8,"featured_media":0,"comment_status":"closed","ping_status":"closed","sticky":false,"template":"","format":"standard","meta":{"_seopress_robots_primary_cat":"","_seopress_titles_title":"","_seopress_titles_desc":"","_seopress_robots_index":"","footnotes":""},"categories":[69],"tags":[],"class_list":["post-2569","post","type-post","status-publish","format-standard","hentry","category-editais"],"_links":{"self":[{"href":"https:\/\/oeirasdopara.pa.gov.br\/novo\/wp-json\/wp\/v2\/posts\/2569","targetHints":{"allow":["GET"]}}],"collection":[{"href":"https:\/\/oeirasdopara.pa.gov.br\/novo\/wp-json\/wp\/v2\/posts"}],"about":[{"href":"https:\/\/oeirasdopara.pa.gov.br\/novo\/wp-json\/wp\/v2\/types\/post"}],"author":[{"embeddable":true,"href":"https:\/\/oeirasdopara.pa.gov.br\/novo\/wp-json\/wp\/v2\/users\/8"}],"replies":[{"embeddable":true,"href":"https:\/\/oeirasdopara.pa.gov.br\/novo\/wp-json\/wp\/v2\/comments?post=2569"}],"version-history":[{"count":4,"href":"https:\/\/oeirasdopara.pa.gov.br\/novo\/wp-json\/wp\/v2\/posts\/2569\/revisions"}],"predecessor-version":[{"id":2598,"href":"https:\/\/oeirasdopara.pa.gov.br\/novo\/wp-json\/wp\/v2\/posts\/2569\/revisions\/2598"}],"wp:attachment":[{"href":"https:\/\/oeirasdopara.pa.gov.br\/novo\/wp-json\/wp\/v2\/media?parent=2569"}],"wp:term":[{"taxonomy":"category","embeddable":true,"href":"https:\/\/oeirasdopara.pa.gov.br\/novo\/wp-json\/wp\/v2\/categories?post=2569"},{"taxonomy":"post_tag","embeddable":true,"href":"https:\/\/oeirasdopara.pa.gov.br\/novo\/wp-json\/wp\/v2\/tags?post=2569"}],"curies":[{"name":"wp","href":"https:\/\/api.w.org\/{rel}","templated":true}]}}