{"id":2565,"date":"2020-03-04T20:15:08","date_gmt":"2020-03-04T20:15:08","guid":{"rendered":"http:\/\/www.oeirasdopara.pa.gov.br\/?p=2565"},"modified":"2020-03-04T20:31:34","modified_gmt":"2020-03-04T20:31:34","slug":"pregao-presencial-no-9-2020-00001","status":"publish","type":"post","link":"https:\/\/oeirasdopara.pa.gov.br\/novo\/pregao-presencial-no-9-2020-00001\/","title":{"rendered":"PREG\u00c3O PRESENCIAL N\u00ba 9\/2020-00001"},"content":{"rendered":"<p><b>OBJETO<\/b>: CONTRATA\u00c7\u00c3O DE EMPRESA FORNECEDORA DE G\u00caNEROS ALIMENT\u00cdCIOS PARA A MANUTEN\u00c7\u00c3O DO PROGRAMA DE ALIMENTA\u00c7\u00c3O ESCOLAR DA REDE P\u00daBLICA DE ENSINO (FUNDAMENTAL, PR\u00c9-ESCOLA, CRECHE, ENSINO M\u00c9DIO, EJA, E QUILOMBOLA), EM ATENDIMENTO \u00c0S NECESSIDADES DA SECRETARIA MUNICIPAL DE EDUCA\u00c7\u00c3O DA PREFEITURA DE OEIRAS DO PAR\u00c1.<\/p>\n<p>[button color=&#8221;green&#8221; size=&#8221;medium&#8221; link=&#8221;http:\/\/www.oeirasdopara.pa.gov.br\/wp-content\/uploads\/2020\/03\/Edital-do-Preg\u00e3o-por-SRP-Alimenta\u00e7\u00e3o-Escolar-70-assinado.pdf&#8221; icon=&#8221;&#8221; target=&#8221;true&#8221;]Edital do Preg\u00e3o por SRP &#8211; Alimenta\u00e7\u00e3o Escolar\u00a0[\/button]<\/p>\n","protected":false},"excerpt":{"rendered":"<p>OBJETO: CONTRATA\u00c7\u00c3O DE EMPRESA FORNECEDORA DE G\u00caNEROS ALIMENT\u00cdCIOS PARA A MANUTEN\u00c7\u00c3O DO PROGRAMA DE ALIMENTA\u00c7\u00c3O ESCOLAR DA REDE P\u00daBLICA DE ENSINO (FUNDAMENTAL, PR\u00c9-ESCOLA, CRECHE, ENSINO M\u00c9DIO, EJA, E QUILOMBOLA), EM ATENDIMENTO \u00c0S NECESSIDADES DA SECRETARIA MUNICIPAL DE EDUCA\u00c7\u00c3O DA PREFEITURA DE OEIRAS DO PAR\u00c1. [button color=&#8221;green&#8221; size=&#8221;medium&#8221; link=&#8221;http:\/\/www.oeirasdopara.pa.gov.br\/wp-content\/uploads\/2020\/03\/Edital-do-Preg\u00e3o-por-SRP-Alimenta\u00e7\u00e3o-Escolar-70-assinado.pdf&#8221; icon=&#8221;&#8221; target=&#8221;true&#8221;]Edital do Preg\u00e3o por SRP &#8211; [&hellip;]<\/p>\n","protected":false},"author":8,"featured_media":0,"comment_status":"open","ping_status":"open","sticky":false,"template":"","format":"standard","meta":{"_seopress_robots_primary_cat":"","_seopress_titles_title":"","_seopress_titles_desc":"","_seopress_robots_index":"","footnotes":""},"categories":[69],"tags":[],"class_list":["post-2565","post","type-post","status-publish","format-standard","hentry","category-editais"],"_links":{"self":[{"href":"https:\/\/oeirasdopara.pa.gov.br\/novo\/wp-json\/wp\/v2\/posts\/2565","targetHints":{"allow":["GET"]}}],"collection":[{"href":"https:\/\/oeirasdopara.pa.gov.br\/novo\/wp-json\/wp\/v2\/posts"}],"about":[{"href":"https:\/\/oeirasdopara.pa.gov.br\/novo\/wp-json\/wp\/v2\/types\/post"}],"author":[{"embeddable":true,"href":"https:\/\/oeirasdopara.pa.gov.br\/novo\/wp-json\/wp\/v2\/users\/8"}],"replies":[{"embeddable":true,"href":"https:\/\/oeirasdopara.pa.gov.br\/novo\/wp-json\/wp\/v2\/comments?post=2565"}],"version-history":[{"count":3,"href":"https:\/\/oeirasdopara.pa.gov.br\/novo\/wp-json\/wp\/v2\/posts\/2565\/revisions"}],"predecessor-version":[{"id":2572,"href":"https:\/\/oeirasdopara.pa.gov.br\/novo\/wp-json\/wp\/v2\/posts\/2565\/revisions\/2572"}],"wp:attachment":[{"href":"https:\/\/oeirasdopara.pa.gov.br\/novo\/wp-json\/wp\/v2\/media?parent=2565"}],"wp:term":[{"taxonomy":"category","embeddable":true,"href":"https:\/\/oeirasdopara.pa.gov.br\/novo\/wp-json\/wp\/v2\/categories?post=2565"},{"taxonomy":"post_tag","embeddable":true,"href":"https:\/\/oeirasdopara.pa.gov.br\/novo\/wp-json\/wp\/v2\/tags?post=2565"}],"curies":[{"name":"wp","href":"https:\/\/api.w.org\/{rel}","templated":true}]}}