{"id":2302,"date":"2020-01-27T20:03:02","date_gmt":"2020-01-27T20:03:02","guid":{"rendered":"http:\/\/www.oeirasdopara.pa.gov.br\/?p=2302"},"modified":"2020-01-27T20:03:02","modified_gmt":"2020-01-27T20:03:02","slug":"licitacao-2-2019-00002","status":"publish","type":"post","link":"https:\/\/oeirasdopara.pa.gov.br\/novo\/licitacao-2-2019-00002\/","title":{"rendered":"LICITA\u00c7\u00c3O #2\/2019-00002"},"content":{"rendered":"<h5 class=\"title text-justify text-dark h4 text-weight-bold\">CONTRATA\u00c7\u00c3O DE EMPRESA ESPECIALIZADA EM SERVI\u00c7OS DE ENGENHARIA, PARA A CONSTRU\u00c7\u00c3O DA ESCOLA MUNICIPAL DE ENSINO FUNDAMENTAL OSWALDO CRUZ, TODA EM CONCRETO ARMADO E FECHAMENTO EM ALVENARIA, CONSTITU\u00cdDA COM 01 (UMA) SALA DE AULA, COPA, COZINHA E BANHEIRO, NA LOCALIDADE DE BONILHA, ZONA RURAL DO MUNIC\u00cdPIO DE OEIRAS DO PAR\u00c1.<\/h5>\n<ul>\n<li><a href=\"http:\/\/www.oeirasdopara.pa.gov.br\/wp-content\/uploads\/2020\/01\/EDITAL-018_2019-CPL_PMOP.pdf\">EDITAL 018_2019-CPL_PMOP<\/a><\/li>\n<li><a href=\"http:\/\/www.oeirasdopara.pa.gov.br\/wp-content\/uploads\/2020\/01\/IMPUGNA\u00c7\u00c3O-PARECER-JUR\u00cdDICO-E-RESPOSTA-IMPUGNA\u00c7\u00c3O.pdf\">IMPUGNA\u00c7\u00c3O, PARECER JUR\u00cdDICO E RESPOSTA IMPUGNA\u00c7\u00c3O<\/a><\/li>\n<li><a href=\"http:\/\/www.oeirasdopara.pa.gov.br\/wp-content\/uploads\/2020\/01\/JUSTIFICATIVA-1.pdf\">JUSTIFICATIVA<\/a><\/li>\n<li><a href=\"http:\/\/www.oeirasdopara.pa.gov.br\/wp-content\/uploads\/2020\/01\/MINUTA-CONTRATO-2.pdf\">MINUTA CONTRATO<\/a><\/li>\n<li><a href=\"http:\/\/www.oeirasdopara.pa.gov.br\/wp-content\/uploads\/2020\/01\/PARECER-JUR\u00cdDICO-3.pdf\">PARECER JUR\u00cdDICO<\/a><\/li>\n<li><a href=\"http:\/\/www.oeirasdopara.pa.gov.br\/wp-content\/uploads\/2020\/01\/PLANILHA-PESQUISA-DE-MERCADO-2.pdf\">PLANILHA-PESQUISA DE MERCADO<\/a><\/li>\n<li><a href=\"http:\/\/www.oeirasdopara.pa.gov.br\/wp-content\/uploads\/2020\/01\/PROJETO-2.pdf\">PROJETO<\/a><\/li>\n<\/ul>\n","protected":false},"excerpt":{"rendered":"<p>CONTRATA\u00c7\u00c3O DE EMPRESA ESPECIALIZADA EM SERVI\u00c7OS DE ENGENHARIA, PARA A CONSTRU\u00c7\u00c3O DA ESCOLA MUNICIPAL DE ENSINO FUNDAMENTAL OSWALDO CRUZ, TODA EM CONCRETO ARMADO E FECHAMENTO EM ALVENARIA, CONSTITU\u00cdDA COM 01 (UMA) SALA DE AULA, COPA, COZINHA E BANHEIRO, NA LOCALIDADE DE BONILHA, ZONA RURAL DO MUNIC\u00cdPIO DE OEIRAS DO PAR\u00c1. EDITAL 018_2019-CPL_PMOP IMPUGNA\u00c7\u00c3O, PARECER JUR\u00cdDICO [&hellip;]<\/p>\n","protected":false},"author":8,"featured_media":0,"comment_status":"open","ping_status":"open","sticky":false,"template":"","format":"standard","meta":{"_seopress_robots_primary_cat":"","_seopress_titles_title":"","_seopress_titles_desc":"","_seopress_robots_index":"","footnotes":""},"categories":[69,51],"tags":[],"class_list":["post-2302","post","type-post","status-publish","format-standard","hentry","category-editais","category-transparencia"],"_links":{"self":[{"href":"https:\/\/oeirasdopara.pa.gov.br\/novo\/wp-json\/wp\/v2\/posts\/2302","targetHints":{"allow":["GET"]}}],"collection":[{"href":"https:\/\/oeirasdopara.pa.gov.br\/novo\/wp-json\/wp\/v2\/posts"}],"about":[{"href":"https:\/\/oeirasdopara.pa.gov.br\/novo\/wp-json\/wp\/v2\/types\/post"}],"author":[{"embeddable":true,"href":"https:\/\/oeirasdopara.pa.gov.br\/novo\/wp-json\/wp\/v2\/users\/8"}],"replies":[{"embeddable":true,"href":"https:\/\/oeirasdopara.pa.gov.br\/novo\/wp-json\/wp\/v2\/comments?post=2302"}],"version-history":[{"count":1,"href":"https:\/\/oeirasdopara.pa.gov.br\/novo\/wp-json\/wp\/v2\/posts\/2302\/revisions"}],"predecessor-version":[{"id":2310,"href":"https:\/\/oeirasdopara.pa.gov.br\/novo\/wp-json\/wp\/v2\/posts\/2302\/revisions\/2310"}],"wp:attachment":[{"href":"https:\/\/oeirasdopara.pa.gov.br\/novo\/wp-json\/wp\/v2\/media?parent=2302"}],"wp:term":[{"taxonomy":"category","embeddable":true,"href":"https:\/\/oeirasdopara.pa.gov.br\/novo\/wp-json\/wp\/v2\/categories?post=2302"},{"taxonomy":"post_tag","embeddable":true,"href":"https:\/\/oeirasdopara.pa.gov.br\/novo\/wp-json\/wp\/v2\/tags?post=2302"}],"curies":[{"name":"wp","href":"https:\/\/api.w.org\/{rel}","templated":true}]}}