{"id":2286,"date":"2020-01-27T16:32:51","date_gmt":"2020-01-27T16:32:51","guid":{"rendered":"http:\/\/www.oeirasdopara.pa.gov.br\/?p=2286"},"modified":"2020-01-27T16:32:51","modified_gmt":"2020-01-27T16:32:51","slug":"licitacao-1-2019-00004","status":"publish","type":"post","link":"https:\/\/oeirasdopara.pa.gov.br\/novo\/licitacao-1-2019-00004\/","title":{"rendered":"LICITA\u00c7\u00c3O #1\/2019-00004"},"content":{"rendered":"<p>AQUISI\u00c7\u00c3O DE 15 UNIDADES DE APARELHO DE AR CONDICIONADO, TIPO SPLIT, PISO TETO, 36000 BTUS, PARA ATENDER AS DEMANDAS DAS ESCOLAS DE REDE MUNICIPAL DE ENSINO- EMEF RAIMUNDO ARCANJO DA COSTA E EMEF M\u00c1RIO ARCANJO DA COSTA.<\/p>\n<ul>\n<li><a href=\"http:\/\/www.oeirasdopara.pa.gov.br\/wp-content\/uploads\/2020\/01\/ATA-DE-ABERTURA.pdf\">ATA DE ABERTURA<\/a><\/li>\n<li><a href=\"http:\/\/www.oeirasdopara.pa.gov.br\/wp-content\/uploads\/2020\/01\/ATA-DE-JULGAMENTO.pdf\">ATA DE JULGAMENTO<\/a><\/li>\n<li><a href=\"http:\/\/www.oeirasdopara.pa.gov.br\/wp-content\/uploads\/2020\/01\/ATO-DE-ADJUDICA\u00c7\u00c3O.pdf\">ATO DE ADJUDICA\u00c7\u00c3O<\/a><\/li>\n<li><a href=\"http:\/\/www.oeirasdopara.pa.gov.br\/wp-content\/uploads\/2020\/01\/ATO-DE-HOMOLOGA\u00c7\u00c3O.pdf\">ATO DE HOMOLOGA\u00c7\u00c3O<\/a><\/li>\n<li><a href=\"http:\/\/www.oeirasdopara.pa.gov.br\/wp-content\/uploads\/2020\/01\/CARTA-CONVITE.pdf\">CARTA CONVITE<\/a><\/li>\n<li><a href=\"http:\/\/www.oeirasdopara.pa.gov.br\/wp-content\/uploads\/2020\/01\/COTA\u00c7\u00c3O.pdf\">COTA\u00c7\u00c3O<\/a><\/li>\n<li><a href=\"http:\/\/www.oeirasdopara.pa.gov.br\/wp-content\/uploads\/2020\/01\/JUSTIFICATIVA.pdf\">JUSTIFICATIVA<\/a><\/li>\n<li><a href=\"http:\/\/www.oeirasdopara.pa.gov.br\/wp-content\/uploads\/2020\/01\/MAPA-COMPARATIVO.pdf\">MAPA COMPARATIVO<\/a><\/li>\n<li><a href=\"http:\/\/www.oeirasdopara.pa.gov.br\/wp-content\/uploads\/2020\/01\/MINUTA-DO-CONTRATO.pdf\">MINUTA DO CONTRATO<\/a><\/li>\n<li><a href=\"http:\/\/www.oeirasdopara.pa.gov.br\/wp-content\/uploads\/2020\/01\/PARECER-DO-CONTROLE-INTERNO.pdf\">PARECER DO CONTROLE INTERNO<\/a><\/li>\n<li><a href=\"http:\/\/www.oeirasdopara.pa.gov.br\/wp-content\/uploads\/2020\/01\/PARECER-JURIDICO.pdf\">PARECER JURIDICO<\/a><\/li>\n<li><a href=\"http:\/\/www.oeirasdopara.pa.gov.br\/wp-content\/uploads\/2020\/01\/TERMO-DE-ADJUDICA\u00c7\u00c3O.pdf\">TERMO DE ADJUDICA\u00c7\u00c3O<\/a><\/li>\n<li><a href=\"http:\/\/www.oeirasdopara.pa.gov.br\/wp-content\/uploads\/2020\/01\/TERMO-DE-HOMOLOGA\u00c7\u00c3O-E-ADJUDICA\u00c7\u00c3O.pdf\">TERMO DE HOMOLOGA\u00c7\u00c3O E ADJUDICA\u00c7\u00c3O<\/a><\/li>\n<li><a href=\"http:\/\/www.oeirasdopara.pa.gov.br\/wp-content\/uploads\/2020\/01\/TERMO-DE-HOMOLOGA\u00c7\u00c3O.pdf\">TERMO DE HOMOLOGA\u00c7\u00c3O<\/a><\/li>\n<\/ul>\n","protected":false},"excerpt":{"rendered":"<p>AQUISI\u00c7\u00c3O DE 15 UNIDADES DE APARELHO DE AR CONDICIONADO, TIPO SPLIT, PISO TETO, 36000 BTUS, PARA ATENDER AS DEMANDAS DAS ESCOLAS DE REDE MUNICIPAL DE ENSINO- EMEF RAIMUNDO ARCANJO DA COSTA E EMEF M\u00c1RIO ARCANJO DA COSTA. ATA DE ABERTURA ATA DE JULGAMENTO ATO DE ADJUDICA\u00c7\u00c3O ATO DE HOMOLOGA\u00c7\u00c3O CARTA CONVITE COTA\u00c7\u00c3O JUSTIFICATIVA MAPA COMPARATIVO [&hellip;]<\/p>\n","protected":false},"author":8,"featured_media":0,"comment_status":"open","ping_status":"open","sticky":false,"template":"","format":"standard","meta":{"_seopress_robots_primary_cat":"","_seopress_titles_title":"","_seopress_titles_desc":"","_seopress_robots_index":"","footnotes":""},"categories":[69],"tags":[],"class_list":["post-2286","post","type-post","status-publish","format-standard","hentry","category-editais"],"_links":{"self":[{"href":"https:\/\/oeirasdopara.pa.gov.br\/novo\/wp-json\/wp\/v2\/posts\/2286","targetHints":{"allow":["GET"]}}],"collection":[{"href":"https:\/\/oeirasdopara.pa.gov.br\/novo\/wp-json\/wp\/v2\/posts"}],"about":[{"href":"https:\/\/oeirasdopara.pa.gov.br\/novo\/wp-json\/wp\/v2\/types\/post"}],"author":[{"embeddable":true,"href":"https:\/\/oeirasdopara.pa.gov.br\/novo\/wp-json\/wp\/v2\/users\/8"}],"replies":[{"embeddable":true,"href":"https:\/\/oeirasdopara.pa.gov.br\/novo\/wp-json\/wp\/v2\/comments?post=2286"}],"version-history":[{"count":1,"href":"https:\/\/oeirasdopara.pa.gov.br\/novo\/wp-json\/wp\/v2\/posts\/2286\/revisions"}],"predecessor-version":[{"id":2301,"href":"https:\/\/oeirasdopara.pa.gov.br\/novo\/wp-json\/wp\/v2\/posts\/2286\/revisions\/2301"}],"wp:attachment":[{"href":"https:\/\/oeirasdopara.pa.gov.br\/novo\/wp-json\/wp\/v2\/media?parent=2286"}],"wp:term":[{"taxonomy":"category","embeddable":true,"href":"https:\/\/oeirasdopara.pa.gov.br\/novo\/wp-json\/wp\/v2\/categories?post=2286"},{"taxonomy":"post_tag","embeddable":true,"href":"https:\/\/oeirasdopara.pa.gov.br\/novo\/wp-json\/wp\/v2\/tags?post=2286"}],"curies":[{"name":"wp","href":"https:\/\/api.w.org\/{rel}","templated":true}]}}