{"id":2281,"date":"2020-01-27T16:13:29","date_gmt":"2020-01-27T16:13:29","guid":{"rendered":"http:\/\/www.oeirasdopara.pa.gov.br\/?p=2281"},"modified":"2020-01-27T16:15:13","modified_gmt":"2020-01-27T16:15:13","slug":"dispensa-de-licitacao-no-07-2019-00012","status":"publish","type":"post","link":"https:\/\/oeirasdopara.pa.gov.br\/novo\/dispensa-de-licitacao-no-07-2019-00012\/","title":{"rendered":"DISPENSA DE LICITA\u00c7\u00c3O &#8211; N\u00ba 07\/2019-00012"},"content":{"rendered":"<p>OBJETO: AQUISI\u00c7\u00c3O DE 2.000 (DOIS MIL) KITS ESCOLARES PARA REPOSI\u00c7\u00c3O DOS KITS DA ALIMENTA\u00c7\u00c3O ESCOLAR (CANECA, PRATO E COLHER) DAS ESCOLAS DA REDE MUNICIPAL DE ENSINO<\/p>\n<ul>\n<li><a href=\"http:\/\/www.oeirasdopara.pa.gov.br\/wp-content\/uploads\/2020\/01\/PARECER-JURIDICO_00001678.pdf\">PARECER JURIDICO<\/a><\/li>\n<li><a href=\"http:\/\/www.oeirasdopara.pa.gov.br\/wp-content\/uploads\/2020\/01\/TERMO-DE-REFER\u00caNCIA_00001078.pdf\">TERMO DE REFER\u00caNCIA<\/a><\/li>\n<\/ul>\n","protected":false},"excerpt":{"rendered":"<p>OBJETO: AQUISI\u00c7\u00c3O DE 2.000 (DOIS MIL) KITS ESCOLARES PARA REPOSI\u00c7\u00c3O DOS KITS DA ALIMENTA\u00c7\u00c3O ESCOLAR (CANECA, PRATO E COLHER) DAS ESCOLAS DA REDE MUNICIPAL DE ENSINO PARECER JURIDICO TERMO DE REFER\u00caNCIA<\/p>\n","protected":false},"author":8,"featured_media":0,"comment_status":"closed","ping_status":"closed","sticky":false,"template":"","format":"standard","meta":{"_seopress_robots_primary_cat":"","_seopress_titles_title":"","_seopress_titles_desc":"","_seopress_robots_index":"","footnotes":""},"categories":[69,51],"tags":[],"class_list":["post-2281","post","type-post","status-publish","format-standard","hentry","category-editais","category-transparencia"],"_links":{"self":[{"href":"https:\/\/oeirasdopara.pa.gov.br\/novo\/wp-json\/wp\/v2\/posts\/2281","targetHints":{"allow":["GET"]}}],"collection":[{"href":"https:\/\/oeirasdopara.pa.gov.br\/novo\/wp-json\/wp\/v2\/posts"}],"about":[{"href":"https:\/\/oeirasdopara.pa.gov.br\/novo\/wp-json\/wp\/v2\/types\/post"}],"author":[{"embeddable":true,"href":"https:\/\/oeirasdopara.pa.gov.br\/novo\/wp-json\/wp\/v2\/users\/8"}],"replies":[{"embeddable":true,"href":"https:\/\/oeirasdopara.pa.gov.br\/novo\/wp-json\/wp\/v2\/comments?post=2281"}],"version-history":[{"count":1,"href":"https:\/\/oeirasdopara.pa.gov.br\/novo\/wp-json\/wp\/v2\/posts\/2281\/revisions"}],"predecessor-version":[{"id":2284,"href":"https:\/\/oeirasdopara.pa.gov.br\/novo\/wp-json\/wp\/v2\/posts\/2281\/revisions\/2284"}],"wp:attachment":[{"href":"https:\/\/oeirasdopara.pa.gov.br\/novo\/wp-json\/wp\/v2\/media?parent=2281"}],"wp:term":[{"taxonomy":"category","embeddable":true,"href":"https:\/\/oeirasdopara.pa.gov.br\/novo\/wp-json\/wp\/v2\/categories?post=2281"},{"taxonomy":"post_tag","embeddable":true,"href":"https:\/\/oeirasdopara.pa.gov.br\/novo\/wp-json\/wp\/v2\/tags?post=2281"}],"curies":[{"name":"wp","href":"https:\/\/api.w.org\/{rel}","templated":true}]}}