{"id":2196,"date":"2019-11-27T14:34:56","date_gmt":"2019-11-27T14:34:56","guid":{"rendered":"http:\/\/www.oeirasdopara.pa.gov.br\/?p=2196"},"modified":"2019-12-20T04:27:01","modified_gmt":"2019-12-20T04:27:01","slug":"no-do-processo-administrativo-012019-modalidade-adesao-a-ata-de-registro-de-precos","status":"publish","type":"post","link":"https:\/\/oeirasdopara.pa.gov.br\/novo\/no-do-processo-administrativo-012019-modalidade-adesao-a-ata-de-registro-de-precos\/","title":{"rendered":"N\u00ba do Processo Administrativo 012019   Modalidade ADES\u00c3O A ATA DE REGISTRO DE PRE\u00c7OS"},"content":{"rendered":"<p class=\"title text-justify text-dark h4 text-weight-bold\">AQUISI\u00c7\u00c3O DE MATERIAL DE EXPEDIENTE<\/p>\n<ul>\n<li><a href=\"http:\/\/www.oeirasdopara.pa.gov.br\/wp-content\/uploads\/2019\/11\/ACEITE-DO-FORNECEDOR.pdf\">ACEITE DO FORNECEDOR<\/a><\/li>\n<li><a href=\"http:\/\/www.oeirasdopara.pa.gov.br\/wp-content\/uploads\/2019\/11\/ATA-DE-REGISTRO-DE-PRE\u00c7O.pdf\">ATA DE REGISTRO DE PRE\u00c7O<\/a><\/li>\n<li><a href=\"http:\/\/www.oeirasdopara.pa.gov.br\/wp-content\/uploads\/2019\/11\/AUTORIZA\u00c7\u00c3O-DO-\u00d3RG\u00c3O-GERENCIADOR-DA-ATA.pdf\">AUTORIZA\u00c7\u00c3O DO \u00d3RG\u00c3O GERENCIADOR DA ATA<\/a><\/li>\n<li><a href=\"http:\/\/www.oeirasdopara.pa.gov.br\/wp-content\/uploads\/2019\/11\/JUSTIFICATIVA-4.pdf\">JUSTIFICATIVA<\/a><\/li>\n<li><a href=\"http:\/\/www.oeirasdopara.pa.gov.br\/wp-content\/uploads\/2019\/11\/PARECER-DO-CONTROLE-INTERNO-1.pdf\">PARECER DO CONTROLE INTERNO<\/a><\/li>\n<li><a href=\"http:\/\/www.oeirasdopara.pa.gov.br\/wp-content\/uploads\/2019\/11\/PARECER-JUR\u00cdDICO-4.pdf\">PARECER JUR\u00cdDICO<\/a><\/li>\n<li><a href=\"http:\/\/www.oeirasdopara.pa.gov.br\/wp-content\/uploads\/2019\/11\/PUBLICA\u00c7\u00c3O-DO-EXTRATO-DA-ATA.pdf\">PUBLICA\u00c7\u00c3O DO EXTRATO DA ATA<\/a><\/li>\n<li><a href=\"http:\/\/www.oeirasdopara.pa.gov.br\/wp-content\/uploads\/2019\/11\/SOLICITA\u00c7\u00c3O-AO-\u00d3RG\u00c3O-GERENCIADOR-DA-ATA.pdf\">SOLICITA\u00c7\u00c3O AO \u00d3RG\u00c3O GERENCIADOR DA ATA<\/a><\/li>\n<li><a href=\"http:\/\/www.oeirasdopara.pa.gov.br\/wp-content\/uploads\/2019\/11\/TERMO-DE-HOMOLOGA\u00c7\u00c3O-4.pdf\">TERMO DE HOMOLOGA\u00c7\u00c3O<\/a><\/li>\n<\/ul>\n","protected":false},"excerpt":{"rendered":"<p>AQUISI\u00c7\u00c3O DE MATERIAL DE EXPEDIENTE ACEITE DO FORNECEDOR ATA DE REGISTRO DE PRE\u00c7O AUTORIZA\u00c7\u00c3O DO \u00d3RG\u00c3O GERENCIADOR DA ATA JUSTIFICATIVA PARECER DO CONTROLE INTERNO PARECER JUR\u00cdDICO PUBLICA\u00c7\u00c3O DO EXTRATO DA ATA SOLICITA\u00c7\u00c3O AO \u00d3RG\u00c3O GERENCIADOR DA ATA TERMO DE HOMOLOGA\u00c7\u00c3O<\/p>\n","protected":false},"author":8,"featured_media":0,"comment_status":"open","ping_status":"open","sticky":false,"template":"","format":"standard","meta":{"_seopress_robots_primary_cat":"","_seopress_titles_title":"","_seopress_titles_desc":"","_seopress_robots_index":"","footnotes":""},"categories":[69],"tags":[],"class_list":["post-2196","post","type-post","status-publish","format-standard","hentry","category-editais"],"_links":{"self":[{"href":"https:\/\/oeirasdopara.pa.gov.br\/novo\/wp-json\/wp\/v2\/posts\/2196","targetHints":{"allow":["GET"]}}],"collection":[{"href":"https:\/\/oeirasdopara.pa.gov.br\/novo\/wp-json\/wp\/v2\/posts"}],"about":[{"href":"https:\/\/oeirasdopara.pa.gov.br\/novo\/wp-json\/wp\/v2\/types\/post"}],"author":[{"embeddable":true,"href":"https:\/\/oeirasdopara.pa.gov.br\/novo\/wp-json\/wp\/v2\/users\/8"}],"replies":[{"embeddable":true,"href":"https:\/\/oeirasdopara.pa.gov.br\/novo\/wp-json\/wp\/v2\/comments?post=2196"}],"version-history":[{"count":2,"href":"https:\/\/oeirasdopara.pa.gov.br\/novo\/wp-json\/wp\/v2\/posts\/2196\/revisions"}],"predecessor-version":[{"id":2243,"href":"https:\/\/oeirasdopara.pa.gov.br\/novo\/wp-json\/wp\/v2\/posts\/2196\/revisions\/2243"}],"wp:attachment":[{"href":"https:\/\/oeirasdopara.pa.gov.br\/novo\/wp-json\/wp\/v2\/media?parent=2196"}],"wp:term":[{"taxonomy":"category","embeddable":true,"href":"https:\/\/oeirasdopara.pa.gov.br\/novo\/wp-json\/wp\/v2\/categories?post=2196"},{"taxonomy":"post_tag","embeddable":true,"href":"https:\/\/oeirasdopara.pa.gov.br\/novo\/wp-json\/wp\/v2\/tags?post=2196"}],"curies":[{"name":"wp","href":"https:\/\/api.w.org\/{rel}","templated":true}]}}