{"id":2171,"date":"2019-11-27T14:06:12","date_gmt":"2019-11-27T14:06:12","guid":{"rendered":"http:\/\/www.oeirasdopara.pa.gov.br\/?p=2171"},"modified":"2019-11-27T14:06:37","modified_gmt":"2019-11-27T14:06:37","slug":"no-do-processo-administrativo-009-2019-semsa-pmop-modalidade-pregao-eletronico","status":"publish","type":"post","link":"https:\/\/oeirasdopara.pa.gov.br\/novo\/no-do-processo-administrativo-009-2019-semsa-pmop-modalidade-pregao-eletronico\/","title":{"rendered":"N\u00ba do Processo Administrativo: 009\/2019 &#8211; SEMSA\/PMOP   Modalidade: PREG\u00c3O ELETR\u00d4NICO"},"content":{"rendered":"<p>AQUISI\u00c7\u00c3O DE VE\u00cdCULOS AMBUL\u00c3NCIA TIPO A, ORIUNDO DAS EMENDAS PARLAMENTARES TC N\u00ba 12527.516000\/1180-05 E TC N\u00ba 1505.2017.1219.1654299, EM ATENDIMENTO AO SISTEMA \u00daNICO DE SA\u00daDE DE OEIRAS DO PAR\u00c1<\/p>\n<ul>\n<li><a href=\"http:\/\/www.oeirasdopara.pa.gov.br\/wp-content\/uploads\/2019\/11\/ATA-DA-SESS\u00c3O-7.pdf\">ATA DA SESS\u00c3O<\/a><\/li>\n<li><a href=\"http:\/\/www.oeirasdopara.pa.gov.br\/wp-content\/uploads\/2019\/11\/ATA-FINAL.pdf\">ATA FINAL<\/a><\/li>\n<li><a href=\"http:\/\/www.oeirasdopara.pa.gov.br\/wp-content\/uploads\/2019\/11\/COTA\u00c7\u00d5ES-DE-PRE\u00c7OS-8.pdf\">COTA\u00c7\u00d5ES DE PRE\u00c7OS<\/a><\/li>\n<li><a href=\"http:\/\/www.oeirasdopara.pa.gov.br\/wp-content\/uploads\/2019\/11\/EDITAL-9.pdf\">EDITAL<\/a><\/li>\n<li><a href=\"http:\/\/www.oeirasdopara.pa.gov.br\/wp-content\/uploads\/2019\/11\/MAPA-COMPARATIVO-DE-PRE\u00c7OS-8.pdf\">MAPA COMPARATIVO DE PRE\u00c7OS<\/a><\/li>\n<li><a href=\"http:\/\/www.oeirasdopara.pa.gov.br\/wp-content\/uploads\/2019\/11\/MINUTA-DO-CONTRATO-8.pdf\">MINUTA DO CONTRATO<\/a><\/li>\n<li><a href=\"http:\/\/www.oeirasdopara.pa.gov.br\/wp-content\/uploads\/2019\/11\/PARECER-CONTROLE-INTERNO-3.pdf\">PARECER CONTROLE INTERNO<\/a><\/li>\n<li><a href=\"http:\/\/www.oeirasdopara.pa.gov.br\/wp-content\/uploads\/2019\/11\/PARECER-JUR\u00cdDICO-FASE-INTERNA-8.pdf\">PARECER JUR\u00cdDICO FASE INTERNA<\/a><\/li>\n<li><a href=\"http:\/\/www.oeirasdopara.pa.gov.br\/wp-content\/uploads\/2019\/11\/SOLICITA\u00c7\u00c3O-DE-DESPESA-8.pdf\">SOLICITA\u00c7\u00c3O DE DESPESA<\/a><\/li>\n<li><a href=\"http:\/\/www.oeirasdopara.pa.gov.br\/wp-content\/uploads\/2019\/11\/TERMO-DE-ADJUDICA\u00c7\u00c3O-6.pdf\">TERMO DE ADJUDICA\u00c7\u00c3O<\/a><\/li>\n<li><a href=\"http:\/\/www.oeirasdopara.pa.gov.br\/wp-content\/uploads\/2019\/11\/TERMO-DE-HOMOLOGA\u00c7\u00c3O-3.pdf\">TERMO DE HOMOLOGA\u00c7\u00c3O<\/a><\/li>\n<li><a href=\"http:\/\/www.oeirasdopara.pa.gov.br\/wp-content\/uploads\/2019\/11\/TERMO-DE-REFERENCIA-8.pdf\">TERMO DE REFERENCIA<\/a><\/li>\n<\/ul>\n","protected":false},"excerpt":{"rendered":"<p>AQUISI\u00c7\u00c3O DE VE\u00cdCULOS AMBUL\u00c3NCIA TIPO A, ORIUNDO DAS EMENDAS PARLAMENTARES TC N\u00ba 12527.516000\/1180-05 E TC N\u00ba 1505.2017.1219.1654299, EM ATENDIMENTO AO SISTEMA \u00daNICO DE SA\u00daDE DE OEIRAS DO PAR\u00c1 ATA DA SESS\u00c3O ATA FINAL COTA\u00c7\u00d5ES DE PRE\u00c7OS EDITAL MAPA COMPARATIVO DE PRE\u00c7OS MINUTA DO CONTRATO PARECER CONTROLE INTERNO PARECER JUR\u00cdDICO FASE INTERNA SOLICITA\u00c7\u00c3O DE DESPESA TERMO [&hellip;]<\/p>\n","protected":false},"author":8,"featured_media":0,"comment_status":"open","ping_status":"open","sticky":false,"template":"","format":"standard","meta":{"_seopress_robots_primary_cat":"","_seopress_titles_title":"","_seopress_titles_desc":"","_seopress_robots_index":"","footnotes":""},"categories":[69],"tags":[],"class_list":["post-2171","post","type-post","status-publish","format-standard","hentry","category-editais"],"_links":{"self":[{"href":"https:\/\/oeirasdopara.pa.gov.br\/novo\/wp-json\/wp\/v2\/posts\/2171","targetHints":{"allow":["GET"]}}],"collection":[{"href":"https:\/\/oeirasdopara.pa.gov.br\/novo\/wp-json\/wp\/v2\/posts"}],"about":[{"href":"https:\/\/oeirasdopara.pa.gov.br\/novo\/wp-json\/wp\/v2\/types\/post"}],"author":[{"embeddable":true,"href":"https:\/\/oeirasdopara.pa.gov.br\/novo\/wp-json\/wp\/v2\/users\/8"}],"replies":[{"embeddable":true,"href":"https:\/\/oeirasdopara.pa.gov.br\/novo\/wp-json\/wp\/v2\/comments?post=2171"}],"version-history":[{"count":1,"href":"https:\/\/oeirasdopara.pa.gov.br\/novo\/wp-json\/wp\/v2\/posts\/2171\/revisions"}],"predecessor-version":[{"id":2184,"href":"https:\/\/oeirasdopara.pa.gov.br\/novo\/wp-json\/wp\/v2\/posts\/2171\/revisions\/2184"}],"wp:attachment":[{"href":"https:\/\/oeirasdopara.pa.gov.br\/novo\/wp-json\/wp\/v2\/media?parent=2171"}],"wp:term":[{"taxonomy":"category","embeddable":true,"href":"https:\/\/oeirasdopara.pa.gov.br\/novo\/wp-json\/wp\/v2\/categories?post=2171"},{"taxonomy":"post_tag","embeddable":true,"href":"https:\/\/oeirasdopara.pa.gov.br\/novo\/wp-json\/wp\/v2\/tags?post=2171"}],"curies":[{"name":"wp","href":"https:\/\/api.w.org\/{rel}","templated":true}]}}