{"id":2133,"date":"2019-11-25T12:37:45","date_gmt":"2019-11-25T12:37:45","guid":{"rendered":"http:\/\/www.oeirasdopara.pa.gov.br\/?p=2133"},"modified":"2019-11-25T12:37:45","modified_gmt":"2019-11-25T12:37:45","slug":"no-do-processo-administrativo-004-2019-pmop-modalidade-registro-de-precos-originario-de-pregao-presencial","status":"publish","type":"post","link":"https:\/\/oeirasdopara.pa.gov.br\/novo\/no-do-processo-administrativo-004-2019-pmop-modalidade-registro-de-precos-originario-de-pregao-presencial\/","title":{"rendered":"N\u00ba do Processo Administrativo: 004\/2019 &#8211; PMOP   Modalidade: REGISTRO DE PRE\u00c7OS ORIGIN\u00c1RIO DE PREG\u00c3O PRESENCIAL"},"content":{"rendered":"<p class=\"title text-justify text-dark h4 text-weight-bold\">CONTRATA\u00c7\u00c3O DE EMPRESA FORNECEDORA DE COMBUST\u00cdVEIS E LUBRIFICANTES DIVERSOS, EM ATENDIMENTO AS NECESSIDADES DA PREFEITURA DE OEIRAS DO PAR\u00c1, ATRAV\u00c9S DAS SECRETARIAS E FUNDOS MUNICIPAIS VINCULADOS<\/p>\n<ul>\n<li><a href=\"http:\/\/www.oeirasdopara.pa.gov.br\/wp-content\/uploads\/2019\/11\/ATA-DA-SESS\u00c3O-1-3.pdf\">ATA DA SESS\u00c3O (1)<\/a><\/li>\n<li><a href=\"http:\/\/www.oeirasdopara.pa.gov.br\/wp-content\/uploads\/2019\/11\/ATA-DA-SESS\u00c3O-6.pdf\">ATA DA SESS\u00c3O<\/a><\/li>\n<li><a href=\"http:\/\/www.oeirasdopara.pa.gov.br\/wp-content\/uploads\/2019\/11\/ATA-DE-REGISTRO-DE-PRE\u00c7OS-2.pdf\">ATA DE REGISTRO DE PRE\u00c7OS<\/a><\/li>\n<li><a href=\"http:\/\/www.oeirasdopara.pa.gov.br\/wp-content\/uploads\/2019\/11\/COTA\u00c7\u00d5ES-DE-PRE\u00c7OS-7.pdf\">COTA\u00c7\u00d5ES DE PRE\u00c7OS<\/a><\/li>\n<li><a href=\"http:\/\/www.oeirasdopara.pa.gov.br\/wp-content\/uploads\/2019\/11\/EDITAL-8.pdf\">EDITAL<\/a><\/li>\n<li><a href=\"http:\/\/www.oeirasdopara.pa.gov.br\/wp-content\/uploads\/2019\/11\/MAPA-COMPARATIVO-DE-PRE\u00c7OS-7.pdf\">MAPA COMPARATIVO DE PRE\u00c7OS<\/a><\/li>\n<li><a href=\"http:\/\/www.oeirasdopara.pa.gov.br\/wp-content\/uploads\/2019\/11\/MINUTA-DO-CONTRATO-7.pdf\">MINUTA DO CONTRATO<\/a><\/li>\n<li><a href=\"http:\/\/www.oeirasdopara.pa.gov.br\/wp-content\/uploads\/2019\/11\/PARECER-CONTROLE-INTERNO-2.pdf\">PARECER CONTROLE INTERNO<\/a><\/li>\n<li><a href=\"http:\/\/www.oeirasdopara.pa.gov.br\/wp-content\/uploads\/2019\/11\/PARECER-JUR\u00cdDICO-FASE-INTERNA-7.pdf\">PARECER JUR\u00cdDICO FASE INTERNA<\/a><\/li>\n<li><a href=\"http:\/\/www.oeirasdopara.pa.gov.br\/wp-content\/uploads\/2019\/11\/SOLICITA\u00c7\u00c3O-DE-DESPESA-7.pdf\">SOLICITA\u00c7\u00c3O DE DESPESA<\/a><\/li>\n<li><a href=\"http:\/\/www.oeirasdopara.pa.gov.br\/wp-content\/uploads\/2019\/11\/TERMO-DE-ADJUDICA\u00c7\u00c3O-5.pdf\">TERMO DE ADJUDICA\u00c7\u00c3O<\/a><\/li>\n<li><a href=\"http:\/\/www.oeirasdopara.pa.gov.br\/wp-content\/uploads\/2019\/11\/TERMO-DE-HOMOLOGA\u00c7\u00c3O-2.pdf\">TERMO DE HOMOLOGA\u00c7\u00c3O<\/a><\/li>\n<li><a href=\"http:\/\/www.oeirasdopara.pa.gov.br\/wp-content\/uploads\/2019\/11\/TERMO-DE-REFERENCIA-7.pdf\">TERMO DE REFERENCIA<\/a><\/li>\n<\/ul>\n<p>&nbsp;<\/p>\n<p>&nbsp;<\/p>\n","protected":false},"excerpt":{"rendered":"<p>CONTRATA\u00c7\u00c3O DE EMPRESA FORNECEDORA DE COMBUST\u00cdVEIS E LUBRIFICANTES DIVERSOS, EM ATENDIMENTO AS NECESSIDADES DA PREFEITURA DE OEIRAS DO PAR\u00c1, ATRAV\u00c9S DAS SECRETARIAS E FUNDOS MUNICIPAIS VINCULADOS ATA DA SESS\u00c3O (1) ATA DA SESS\u00c3O ATA DE REGISTRO DE PRE\u00c7OS COTA\u00c7\u00d5ES DE PRE\u00c7OS EDITAL MAPA COMPARATIVO DE PRE\u00c7OS MINUTA DO CONTRATO PARECER CONTROLE INTERNO PARECER JUR\u00cdDICO FASE [&hellip;]<\/p>\n","protected":false},"author":8,"featured_media":0,"comment_status":"open","ping_status":"open","sticky":false,"template":"","format":"standard","meta":{"_seopress_robots_primary_cat":"","_seopress_titles_title":"","_seopress_titles_desc":"","_seopress_robots_index":"","footnotes":""},"categories":[69],"tags":[],"class_list":["post-2133","post","type-post","status-publish","format-standard","hentry","category-editais"],"_links":{"self":[{"href":"https:\/\/oeirasdopara.pa.gov.br\/novo\/wp-json\/wp\/v2\/posts\/2133","targetHints":{"allow":["GET"]}}],"collection":[{"href":"https:\/\/oeirasdopara.pa.gov.br\/novo\/wp-json\/wp\/v2\/posts"}],"about":[{"href":"https:\/\/oeirasdopara.pa.gov.br\/novo\/wp-json\/wp\/v2\/types\/post"}],"author":[{"embeddable":true,"href":"https:\/\/oeirasdopara.pa.gov.br\/novo\/wp-json\/wp\/v2\/users\/8"}],"replies":[{"embeddable":true,"href":"https:\/\/oeirasdopara.pa.gov.br\/novo\/wp-json\/wp\/v2\/comments?post=2133"}],"version-history":[{"count":1,"href":"https:\/\/oeirasdopara.pa.gov.br\/novo\/wp-json\/wp\/v2\/posts\/2133\/revisions"}],"predecessor-version":[{"id":2160,"href":"https:\/\/oeirasdopara.pa.gov.br\/novo\/wp-json\/wp\/v2\/posts\/2133\/revisions\/2160"}],"wp:attachment":[{"href":"https:\/\/oeirasdopara.pa.gov.br\/novo\/wp-json\/wp\/v2\/media?parent=2133"}],"wp:term":[{"taxonomy":"category","embeddable":true,"href":"https:\/\/oeirasdopara.pa.gov.br\/novo\/wp-json\/wp\/v2\/categories?post=2133"},{"taxonomy":"post_tag","embeddable":true,"href":"https:\/\/oeirasdopara.pa.gov.br\/novo\/wp-json\/wp\/v2\/tags?post=2133"}],"curies":[{"name":"wp","href":"https:\/\/api.w.org\/{rel}","templated":true}]}}