{"id":2111,"date":"2019-11-22T15:25:57","date_gmt":"2019-11-22T15:25:57","guid":{"rendered":"http:\/\/www.oeirasdopara.pa.gov.br\/?p=2111"},"modified":"2019-11-25T11:43:21","modified_gmt":"2019-11-25T11:43:21","slug":"no-do-processo-administrativo-9-2019-00012-modalidade-registro-de-precos-originario-de-pregao-presencial","status":"publish","type":"post","link":"https:\/\/oeirasdopara.pa.gov.br\/novo\/no-do-processo-administrativo-9-2019-00012-modalidade-registro-de-precos-originario-de-pregao-presencial\/","title":{"rendered":"N\u00ba do Processo Administrativo: 9\/2019-00012   Modalidade: REGISTRO DE PRE\u00c7OS ORIGIN\u00c1RIO DE PREG\u00c3O PRESENCIAL"},"content":{"rendered":"<p>CONTRATA\u00c7\u00c3O DE EMPRESA ESPECIALIZADA PARA A PRESTA\u00c7\u00c3O DOS SERVI\u00c7OS DE MANUTEN\u00c7\u00c3O PREVENTIVA E CORRETIVA DAS BOMBAS HIDR\u00c1ULICAS QUE COMP\u00d5EM O SISTEMA DE ABASTECIMENTO MUNICIPAL DE \u00c1GUA DO MUNIC\u00cdPIO DE OEIRAS DO PAR\u00c1, COM FORNECIMENTO TOTAL DE PE\u00c7AS NOVAS, COMPONENTES E ACESS\u00d3RIOS ORIGINAIS<\/p>\n<ul>\n<li><a href=\"http:\/\/www.oeirasdopara.pa.gov.br\/wp-content\/uploads\/2019\/11\/ATA-DE-SESS\u00c3O-DESERTA.pdf\">ATA DE SESS\u00c3O DESERTA<\/a><\/li>\n<li><a href=\"http:\/\/www.oeirasdopara.pa.gov.br\/wp-content\/uploads\/2019\/11\/COTA\u00c7\u00d5ES-DE-PRE\u00c7OS-4.pdf\">COTA\u00c7\u00d5ES DE PRE\u00c7OS<\/a><\/li>\n<li><a href=\"http:\/\/www.oeirasdopara.pa.gov.br\/wp-content\/uploads\/2019\/11\/EDITAL-5.pdf\">EDITAL<\/a><\/li>\n<li><a href=\"http:\/\/www.oeirasdopara.pa.gov.br\/wp-content\/uploads\/2019\/11\/MAPA-COMPARATIVO-DE-PRE\u00c7OS-4.pdf\">MAPA COMPARATIVO DE PRE\u00c7OS<\/a><\/li>\n<li><a href=\"http:\/\/www.oeirasdopara.pa.gov.br\/wp-content\/uploads\/2019\/11\/MINUTA-DO-CONTRATO-4.pdf\">MINUTA DO CONTRATO<\/a><\/li>\n<li><a href=\"http:\/\/www.oeirasdopara.pa.gov.br\/wp-content\/uploads\/2019\/11\/PARECER-JUR\u00cdDICO-FASE-INTERNA-4.pdf\">PARECER JUR\u00cdDICO FASE INTERNA<\/a><\/li>\n<li><a href=\"http:\/\/www.oeirasdopara.pa.gov.br\/wp-content\/uploads\/2019\/11\/SOLICITA\u00c7\u00c3O-DE-DESPESA-4.pdf\">SOLICITA\u00c7\u00c3O DE DESPESA<\/a><\/li>\n<li><a href=\"http:\/\/www.oeirasdopara.pa.gov.br\/wp-content\/uploads\/2019\/11\/TERMO-DE-REFERENCIA-4.pdf\">TERMO DE REFERENCIA<\/a><\/li>\n<\/ul>\n<p>&nbsp;<\/p>\n","protected":false},"excerpt":{"rendered":"<p>CONTRATA\u00c7\u00c3O DE EMPRESA ESPECIALIZADA PARA A PRESTA\u00c7\u00c3O DOS SERVI\u00c7OS DE MANUTEN\u00c7\u00c3O PREVENTIVA E CORRETIVA DAS BOMBAS HIDR\u00c1ULICAS QUE COMP\u00d5EM O SISTEMA DE ABASTECIMENTO MUNICIPAL DE \u00c1GUA DO MUNIC\u00cdPIO DE OEIRAS DO PAR\u00c1, COM FORNECIMENTO TOTAL DE PE\u00c7AS NOVAS, COMPONENTES E ACESS\u00d3RIOS ORIGINAIS ATA DE SESS\u00c3O DESERTA COTA\u00c7\u00d5ES DE PRE\u00c7OS EDITAL MAPA COMPARATIVO DE PRE\u00c7OS MINUTA [&hellip;]<\/p>\n","protected":false},"author":8,"featured_media":0,"comment_status":"open","ping_status":"open","sticky":false,"template":"","format":"standard","meta":{"_seopress_robots_primary_cat":"","_seopress_titles_title":"","_seopress_titles_desc":"","_seopress_robots_index":"","footnotes":""},"categories":[69],"tags":[],"class_list":["post-2111","post","type-post","status-publish","format-standard","hentry","category-editais"],"_links":{"self":[{"href":"https:\/\/oeirasdopara.pa.gov.br\/novo\/wp-json\/wp\/v2\/posts\/2111","targetHints":{"allow":["GET"]}}],"collection":[{"href":"https:\/\/oeirasdopara.pa.gov.br\/novo\/wp-json\/wp\/v2\/posts"}],"about":[{"href":"https:\/\/oeirasdopara.pa.gov.br\/novo\/wp-json\/wp\/v2\/types\/post"}],"author":[{"embeddable":true,"href":"https:\/\/oeirasdopara.pa.gov.br\/novo\/wp-json\/wp\/v2\/users\/8"}],"replies":[{"embeddable":true,"href":"https:\/\/oeirasdopara.pa.gov.br\/novo\/wp-json\/wp\/v2\/comments?post=2111"}],"version-history":[{"count":1,"href":"https:\/\/oeirasdopara.pa.gov.br\/novo\/wp-json\/wp\/v2\/posts\/2111\/revisions"}],"predecessor-version":[{"id":2120,"href":"https:\/\/oeirasdopara.pa.gov.br\/novo\/wp-json\/wp\/v2\/posts\/2111\/revisions\/2120"}],"wp:attachment":[{"href":"https:\/\/oeirasdopara.pa.gov.br\/novo\/wp-json\/wp\/v2\/media?parent=2111"}],"wp:term":[{"taxonomy":"category","embeddable":true,"href":"https:\/\/oeirasdopara.pa.gov.br\/novo\/wp-json\/wp\/v2\/categories?post=2111"},{"taxonomy":"post_tag","embeddable":true,"href":"https:\/\/oeirasdopara.pa.gov.br\/novo\/wp-json\/wp\/v2\/tags?post=2111"}],"curies":[{"name":"wp","href":"https:\/\/api.w.org\/{rel}","templated":true}]}}