{"id":2102,"date":"2019-11-22T13:00:27","date_gmt":"2019-11-22T13:00:27","guid":{"rendered":"http:\/\/www.oeirasdopara.pa.gov.br\/?p=2102"},"modified":"2019-11-22T13:01:53","modified_gmt":"2019-11-22T13:01:53","slug":"no-do-processo-administrativo-92019-00013-modalidade-pregao-eletronico","status":"publish","type":"post","link":"https:\/\/oeirasdopara.pa.gov.br\/novo\/no-do-processo-administrativo-92019-00013-modalidade-pregao-eletronico\/","title":{"rendered":"N\u00ba do Processo Administrativo 92019-00013   Modalidade PREG\u00c3O ELETR\u00d4NICO"},"content":{"rendered":"<p class=\"title text-justify text-dark h4 text-weight-bold\">AQUISI\u00c7\u00c3O DE VE\u00cdCULO RODOVI\u00c1RIO CAMINH\u00c3O TRUNCADO COM CA\u00c7AMBA, CONFORME CONV\u00caNIO N\u00ba 867751\/2018 E PROPOSTA N\u00ba 027250\/2018 DA SUPERINTEND\u00caNCIA DO DESENVOLVIMENTO DA AMAZ\u00d4NIA \u2013 SUDAM<\/p>\n<ul>\n<li><a href=\"http:\/\/www.oeirasdopara.pa.gov.br\/wp-content\/uploads\/2019\/11\/COTA\u00c7\u00d5ES-DE-PRE\u00c7OS-3.pdf\">COTA\u00c7\u00d5ES DE PRE\u00c7OS<\/a><\/li>\n<li><a href=\"http:\/\/www.oeirasdopara.pa.gov.br\/wp-content\/uploads\/2019\/11\/EDITAL-4.pdf\">EDITAL<\/a><\/li>\n<li><a href=\"http:\/\/www.oeirasdopara.pa.gov.br\/wp-content\/uploads\/2019\/11\/MAPA-COMPARATIVO-DE-PRE\u00c7OS-3.pdf\">MAPA COMPARATIVO DE PRE\u00c7OS<\/a><\/li>\n<li><a href=\"http:\/\/www.oeirasdopara.pa.gov.br\/wp-content\/uploads\/2019\/11\/MINUTA-DO-CONTRATO-3.pdf\">MINUTA DO CONTRATO<\/a><\/li>\n<li><a href=\"http:\/\/www.oeirasdopara.pa.gov.br\/wp-content\/uploads\/2019\/11\/PARECER-JUR\u00cdDICO-FASE-INTERNA-3.pdf\">PARECER JUR\u00cdDICO FASE INTERNA<\/a><\/li>\n<li><a href=\"http:\/\/www.oeirasdopara.pa.gov.br\/wp-content\/uploads\/2019\/11\/SOLICITA\u00c7\u00c3O-DE-DESPESA-3.pdf\">SOLICITA\u00c7\u00c3O DE DESPESA<\/a><\/li>\n<li><a href=\"http:\/\/www.oeirasdopara.pa.gov.br\/wp-content\/uploads\/2019\/11\/TERMO-DE-REFERENCIA-3.pdf\">TERMO DE REFERENCIA<\/a><\/li>\n<\/ul>\n","protected":false},"excerpt":{"rendered":"<p>AQUISI\u00c7\u00c3O DE VE\u00cdCULO RODOVI\u00c1RIO CAMINH\u00c3O TRUNCADO COM CA\u00c7AMBA, CONFORME CONV\u00caNIO N\u00ba 867751\/2018 E PROPOSTA N\u00ba 027250\/2018 DA SUPERINTEND\u00caNCIA DO DESENVOLVIMENTO DA AMAZ\u00d4NIA \u2013 SUDAM COTA\u00c7\u00d5ES DE PRE\u00c7OS EDITAL MAPA COMPARATIVO DE PRE\u00c7OS MINUTA DO CONTRATO PARECER JUR\u00cdDICO FASE INTERNA SOLICITA\u00c7\u00c3O DE DESPESA TERMO DE REFERENCIA<\/p>\n","protected":false},"author":8,"featured_media":0,"comment_status":"open","ping_status":"open","sticky":false,"template":"","format":"standard","meta":{"_seopress_robots_primary_cat":"","_seopress_titles_title":"","_seopress_titles_desc":"","_seopress_robots_index":"","footnotes":""},"categories":[69],"tags":[],"class_list":["post-2102","post","type-post","status-publish","format-standard","hentry","category-editais"],"_links":{"self":[{"href":"https:\/\/oeirasdopara.pa.gov.br\/novo\/wp-json\/wp\/v2\/posts\/2102","targetHints":{"allow":["GET"]}}],"collection":[{"href":"https:\/\/oeirasdopara.pa.gov.br\/novo\/wp-json\/wp\/v2\/posts"}],"about":[{"href":"https:\/\/oeirasdopara.pa.gov.br\/novo\/wp-json\/wp\/v2\/types\/post"}],"author":[{"embeddable":true,"href":"https:\/\/oeirasdopara.pa.gov.br\/novo\/wp-json\/wp\/v2\/users\/8"}],"replies":[{"embeddable":true,"href":"https:\/\/oeirasdopara.pa.gov.br\/novo\/wp-json\/wp\/v2\/comments?post=2102"}],"version-history":[{"count":1,"href":"https:\/\/oeirasdopara.pa.gov.br\/novo\/wp-json\/wp\/v2\/posts\/2102\/revisions"}],"predecessor-version":[{"id":2110,"href":"https:\/\/oeirasdopara.pa.gov.br\/novo\/wp-json\/wp\/v2\/posts\/2102\/revisions\/2110"}],"wp:attachment":[{"href":"https:\/\/oeirasdopara.pa.gov.br\/novo\/wp-json\/wp\/v2\/media?parent=2102"}],"wp:term":[{"taxonomy":"category","embeddable":true,"href":"https:\/\/oeirasdopara.pa.gov.br\/novo\/wp-json\/wp\/v2\/categories?post=2102"},{"taxonomy":"post_tag","embeddable":true,"href":"https:\/\/oeirasdopara.pa.gov.br\/novo\/wp-json\/wp\/v2\/tags?post=2102"}],"curies":[{"name":"wp","href":"https:\/\/api.w.org\/{rel}","templated":true}]}}