{"id":2041,"date":"2019-11-13T15:08:58","date_gmt":"2019-11-13T15:08:58","guid":{"rendered":"http:\/\/www.oeirasdopara.pa.gov.br\/?p=2041"},"modified":"2019-11-13T15:23:00","modified_gmt":"2019-11-13T15:23:00","slug":"no-do-processo-administrativo-9-2019-00002-modalidade-pregao-presencial","status":"publish","type":"post","link":"https:\/\/oeirasdopara.pa.gov.br\/novo\/no-do-processo-administrativo-9-2019-00002-modalidade-pregao-presencial\/","title":{"rendered":"N\u00ba do Processo Administrativo: 9\/2019-00002   Modalidade: PREG\u00c3O PRESENCIAL"},"content":{"rendered":"<p class=\"title text-justify text-dark h4 text-weight-bold\">AQUISI\u00c7\u00c3O DE EQUIPAMENTOS ODONTOL\u00d3GICOS, DESTINADOS AO ATENDIMENTO, DA EQUIPE DE SA\u00daDE BUCAL, DO SISTEMA \u00daNICO DE SA\u00daDE DE OEIRAS DO PAR\u00c1, CONFORME TERMO DE COMPROMISSO N\u00ba 1505201712191657163<\/p>\n<ul>\n<li><a href=\"http:\/\/www.oeirasdopara.pa.gov.br\/wp-content\/uploads\/2019\/11\/EDITAL-3.pdf\">EDITAL<\/a><\/li>\n<li><a href=\"http:\/\/www.oeirasdopara.pa.gov.br\/wp-content\/uploads\/2019\/11\/ATA-DA-SESS\u00c3O-1.pdf\">ATA DA SESS\u00c3O (1)<\/a><\/li>\n<li><a href=\"http:\/\/www.oeirasdopara.pa.gov.br\/wp-content\/uploads\/2019\/11\/ATA-DA-SESS\u00c3O-2.pdf\">ATA DA SESS\u00c3O<\/a><\/li>\n<li><a href=\"http:\/\/www.oeirasdopara.pa.gov.br\/wp-content\/uploads\/2019\/11\/COTA\u00c7\u00d5ES-DE-PRE\u00c7OS-2.pdf\">COTA\u00c7\u00d5ES DE PRE\u00c7OS<\/a><\/li>\n<li><a href=\"http:\/\/www.oeirasdopara.pa.gov.br\/wp-content\/uploads\/2019\/11\/MAPA-COMPARATIVO-DE-PRE\u00c7OS-2.pdf\">MAPA COMPARATIVO DE PRE\u00c7OS<\/a><\/li>\n<li><a href=\"http:\/\/www.oeirasdopara.pa.gov.br\/wp-content\/uploads\/2019\/11\/MINUTA-DO-CONTRATO-2.pdf\">MINUTA DO CONTRATO<\/a><\/li>\n<li><a href=\"http:\/\/www.oeirasdopara.pa.gov.br\/wp-content\/uploads\/2019\/11\/PARECER-JUR\u00cdDICO-FASE-INTERNA-2.pdf\">PARECER JUR\u00cdDICO FASE INTERNA<\/a><\/li>\n<li><a href=\"http:\/\/www.oeirasdopara.pa.gov.br\/wp-content\/uploads\/2019\/11\/SOLICITA\u00c7\u00c3O-DE-DESPESA-2.pdf\">SOLICITA\u00c7\u00c3O DE DESPESA<\/a><\/li>\n<li><a href=\"http:\/\/www.oeirasdopara.pa.gov.br\/wp-content\/uploads\/2019\/11\/TERMO-DE-ADJUDICA\u00c7\u00c3O-1.pdf\">TERMO DE ADJUDICA\u00c7\u00c3O<\/a><\/li>\n<li><a href=\"http:\/\/www.oeirasdopara.pa.gov.br\/wp-content\/uploads\/2019\/11\/TERMO-DE-REFERENCIA-2.pdf\">TERMO DE REFERENCIA<\/a><\/li>\n<\/ul>\n<p>&nbsp;<\/p>\n<p>&nbsp;<\/p>\n<p>&nbsp;<\/p>\n<p>&nbsp;<\/p>\n<p>&nbsp;<\/p>\n","protected":false},"excerpt":{"rendered":"<p>AQUISI\u00c7\u00c3O DE EQUIPAMENTOS ODONTOL\u00d3GICOS, DESTINADOS AO ATENDIMENTO, DA EQUIPE DE SA\u00daDE BUCAL, DO SISTEMA \u00daNICO DE SA\u00daDE DE OEIRAS DO PAR\u00c1, CONFORME TERMO DE COMPROMISSO N\u00ba 1505201712191657163 EDITAL ATA DA SESS\u00c3O (1) ATA DA SESS\u00c3O COTA\u00c7\u00d5ES DE PRE\u00c7OS MAPA COMPARATIVO DE PRE\u00c7OS MINUTA DO CONTRATO PARECER JUR\u00cdDICO FASE INTERNA SOLICITA\u00c7\u00c3O DE DESPESA TERMO DE ADJUDICA\u00c7\u00c3O [&hellip;]<\/p>\n","protected":false},"author":8,"featured_media":0,"comment_status":"open","ping_status":"open","sticky":false,"template":"","format":"standard","meta":{"_seopress_robots_primary_cat":"","_seopress_titles_title":"","_seopress_titles_desc":"","_seopress_robots_index":"","footnotes":""},"categories":[69],"tags":[],"class_list":["post-2041","post","type-post","status-publish","format-standard","hentry","category-editais"],"_links":{"self":[{"href":"https:\/\/oeirasdopara.pa.gov.br\/novo\/wp-json\/wp\/v2\/posts\/2041","targetHints":{"allow":["GET"]}}],"collection":[{"href":"https:\/\/oeirasdopara.pa.gov.br\/novo\/wp-json\/wp\/v2\/posts"}],"about":[{"href":"https:\/\/oeirasdopara.pa.gov.br\/novo\/wp-json\/wp\/v2\/types\/post"}],"author":[{"embeddable":true,"href":"https:\/\/oeirasdopara.pa.gov.br\/novo\/wp-json\/wp\/v2\/users\/8"}],"replies":[{"embeddable":true,"href":"https:\/\/oeirasdopara.pa.gov.br\/novo\/wp-json\/wp\/v2\/comments?post=2041"}],"version-history":[{"count":3,"href":"https:\/\/oeirasdopara.pa.gov.br\/novo\/wp-json\/wp\/v2\/posts\/2041\/revisions"}],"predecessor-version":[{"id":2054,"href":"https:\/\/oeirasdopara.pa.gov.br\/novo\/wp-json\/wp\/v2\/posts\/2041\/revisions\/2054"}],"wp:attachment":[{"href":"https:\/\/oeirasdopara.pa.gov.br\/novo\/wp-json\/wp\/v2\/media?parent=2041"}],"wp:term":[{"taxonomy":"category","embeddable":true,"href":"https:\/\/oeirasdopara.pa.gov.br\/novo\/wp-json\/wp\/v2\/categories?post=2041"},{"taxonomy":"post_tag","embeddable":true,"href":"https:\/\/oeirasdopara.pa.gov.br\/novo\/wp-json\/wp\/v2\/tags?post=2041"}],"curies":[{"name":"wp","href":"https:\/\/api.w.org\/{rel}","templated":true}]}}