{"id":2021,"date":"2019-11-12T13:49:17","date_gmt":"2019-11-12T13:49:17","guid":{"rendered":"http:\/\/www.oeirasdopara.pa.gov.br\/?p=2021"},"modified":"2019-11-12T13:49:17","modified_gmt":"2019-11-12T13:49:17","slug":"no-do-processo-administrativo-9-2019-00003-modalidade-pregao-presencial","status":"publish","type":"post","link":"https:\/\/oeirasdopara.pa.gov.br\/novo\/no-do-processo-administrativo-9-2019-00003-modalidade-pregao-presencial\/","title":{"rendered":"N\u00ba do Processo Administrativo: 9\/2019-00003   Modalidade: PREG\u00c3O PRESENCIAL"},"content":{"rendered":"<p>AQUISI\u00c7\u00c3O DE MOTORES DE POPA, EM ATENDIMENTO \u00c0S NECESSIDADES DA SECRETARIA MUNICIPAL DE ADMINISTRA\u00c7\u00c3O, SECRETARIA DE EDUCA\u00c7\u00c3O E SECRETARIA MUNICIPAL DE SA\u00daDE.<\/p>\n<ul>\n<li><a href=\"http:\/\/www.oeirasdopara.pa.gov.br\/wp-content\/uploads\/2019\/11\/ATA-DA-SESS\u00c3O.pdf\">ATA DA SESS\u00c3O<\/a><\/li>\n<li><a href=\"http:\/\/www.oeirasdopara.pa.gov.br\/wp-content\/uploads\/2019\/11\/COTA\u00c7\u00d5ES-DE-PRE\u00c7OS.pdf\">COTA\u00c7\u00d5ES DE PRE\u00c7OS<\/a><\/li>\n<li><a href=\"http:\/\/www.oeirasdopara.pa.gov.br\/wp-content\/uploads\/2019\/11\/EDITAL-1.pdf\">EDITAL<\/a><\/li>\n<li><a href=\"http:\/\/www.oeirasdopara.pa.gov.br\/wp-content\/uploads\/2019\/11\/MAPA-COMPARATIVO-DE-PRE\u00c7OS.pdf\">MAPA COMPARATIVO DE PRE\u00c7OS<\/a><\/li>\n<li><a href=\"http:\/\/www.oeirasdopara.pa.gov.br\/wp-content\/uploads\/2019\/11\/MINUTA-DO-CONTRATO.pdf\">MINUTA DO CONTRATO<\/a><\/li>\n<li><a href=\"http:\/\/www.oeirasdopara.pa.gov.br\/wp-content\/uploads\/2019\/11\/PARECER-JUR\u00cdDICO-FASE-INTERNA.pdf\">PARECER JUR\u00cdDICO FASE INTERNA<\/a><\/li>\n<li><a href=\"http:\/\/www.oeirasdopara.pa.gov.br\/wp-content\/uploads\/2019\/11\/SOLICITA\u00c7\u00c3O-DE-DESPESA.pdf\">SOLICITA\u00c7\u00c3O DE DESPESA<\/a><\/li>\n<li><a href=\"http:\/\/www.oeirasdopara.pa.gov.br\/wp-content\/uploads\/2019\/11\/TERMO-DE-ADJUDICA\u00c7\u00c3O.pdf\">TERMO DE ADJUDICA\u00c7\u00c3O<\/a><\/li>\n<li><a href=\"http:\/\/www.oeirasdopara.pa.gov.br\/wp-content\/uploads\/2019\/11\/TERMO-DE-REFERENCIA.pdf\">TERMO DE REFERENCIA<\/a><\/li>\n<\/ul>\n","protected":false},"excerpt":{"rendered":"<p>AQUISI\u00c7\u00c3O DE MOTORES DE POPA, EM ATENDIMENTO \u00c0S NECESSIDADES DA SECRETARIA MUNICIPAL DE ADMINISTRA\u00c7\u00c3O, SECRETARIA DE EDUCA\u00c7\u00c3O E SECRETARIA MUNICIPAL DE SA\u00daDE. ATA DA SESS\u00c3O COTA\u00c7\u00d5ES DE PRE\u00c7OS EDITAL MAPA COMPARATIVO DE PRE\u00c7OS MINUTA DO CONTRATO PARECER JUR\u00cdDICO FASE INTERNA SOLICITA\u00c7\u00c3O DE DESPESA TERMO DE ADJUDICA\u00c7\u00c3O TERMO DE REFERENCIA<\/p>\n","protected":false},"author":8,"featured_media":0,"comment_status":"open","ping_status":"open","sticky":false,"template":"","format":"standard","meta":{"_seopress_robots_primary_cat":"","_seopress_titles_title":"","_seopress_titles_desc":"","_seopress_robots_index":"","footnotes":""},"categories":[69],"tags":[],"class_list":["post-2021","post","type-post","status-publish","format-standard","hentry","category-editais"],"_links":{"self":[{"href":"https:\/\/oeirasdopara.pa.gov.br\/novo\/wp-json\/wp\/v2\/posts\/2021","targetHints":{"allow":["GET"]}}],"collection":[{"href":"https:\/\/oeirasdopara.pa.gov.br\/novo\/wp-json\/wp\/v2\/posts"}],"about":[{"href":"https:\/\/oeirasdopara.pa.gov.br\/novo\/wp-json\/wp\/v2\/types\/post"}],"author":[{"embeddable":true,"href":"https:\/\/oeirasdopara.pa.gov.br\/novo\/wp-json\/wp\/v2\/users\/8"}],"replies":[{"embeddable":true,"href":"https:\/\/oeirasdopara.pa.gov.br\/novo\/wp-json\/wp\/v2\/comments?post=2021"}],"version-history":[{"count":1,"href":"https:\/\/oeirasdopara.pa.gov.br\/novo\/wp-json\/wp\/v2\/posts\/2021\/revisions"}],"predecessor-version":[{"id":2031,"href":"https:\/\/oeirasdopara.pa.gov.br\/novo\/wp-json\/wp\/v2\/posts\/2021\/revisions\/2031"}],"wp:attachment":[{"href":"https:\/\/oeirasdopara.pa.gov.br\/novo\/wp-json\/wp\/v2\/media?parent=2021"}],"wp:term":[{"taxonomy":"category","embeddable":true,"href":"https:\/\/oeirasdopara.pa.gov.br\/novo\/wp-json\/wp\/v2\/categories?post=2021"},{"taxonomy":"post_tag","embeddable":true,"href":"https:\/\/oeirasdopara.pa.gov.br\/novo\/wp-json\/wp\/v2\/tags?post=2021"}],"curies":[{"name":"wp","href":"https:\/\/api.w.org\/{rel}","templated":true}]}}