{"id":2007,"date":"2019-11-12T13:37:43","date_gmt":"2019-11-12T13:37:43","guid":{"rendered":"http:\/\/www.oeirasdopara.pa.gov.br\/?p=2007"},"modified":"2019-11-12T13:37:43","modified_gmt":"2019-11-12T13:37:43","slug":"no-do-processo-administrativo-015-2019-modalidade-tomada-de-precos","status":"publish","type":"post","link":"https:\/\/oeirasdopara.pa.gov.br\/novo\/no-do-processo-administrativo-015-2019-modalidade-tomada-de-precos\/","title":{"rendered":"N\u00ba do Processo Administrativo: 015\/2019   Modalidade: TOMADA DE PRE\u00c7OS"},"content":{"rendered":"<p>CONTRATA\u00c7\u00c3O DE EMPRESA ESPECIALIZADA EM SERVI\u00c7OS DE ENGENHARIA, PARA A CONSTRU\u00c7\u00c3O DE UMA PASSARELA COM PISO EM CONCRETO ARMADO EM ESTRUTURA EM MADEIRA DE LEI, EXTENS\u00c3O: 406 MT. E \u00c1REA 852,6M\u00b2.<\/p>\n<ul>\n<li><a href=\"http:\/\/www.oeirasdopara.pa.gov.br\/wp-content\/uploads\/2019\/11\/ATA-DAS-SESS\u00d5ES-DE-JULGAMENTO.pdf\">ATA DAS SESS\u00d5ES DE JULGAMENTO<\/a><\/li>\n<li><a href=\"http:\/\/www.oeirasdopara.pa.gov.br\/wp-content\/uploads\/2019\/11\/ATA-DE-SESS\u00c3O-ABERTURA.pdf\">ATA DE SESS\u00c3O ABERTURA<\/a><\/li>\n<li><a href=\"http:\/\/www.oeirasdopara.pa.gov.br\/wp-content\/uploads\/2019\/11\/AVISO-DE-ADJUDICA\u00c7\u00c3O-HOMOLOGA\u00c7\u00c3O.pdf\">AVISO DE ADJUDICA\u00c7\u00c3O HOMOLOGA\u00c7\u00c3O<\/a><\/li>\n<li><a href=\"http:\/\/www.oeirasdopara.pa.gov.br\/wp-content\/uploads\/2019\/11\/EDITAL.pdf\">EDITAL<\/a><\/li>\n<li><a href=\"http:\/\/www.oeirasdopara.pa.gov.br\/wp-content\/uploads\/2019\/11\/JUSTIFICATIVA-1.pdf\">JUSTIFICATIVA<\/a><\/li>\n<li><a href=\"http:\/\/www.oeirasdopara.pa.gov.br\/wp-content\/uploads\/2019\/11\/MINUTA-CONTRATO-1.pdf\">MINUTA CONTRATO<\/a><\/li>\n<li><a href=\"http:\/\/www.oeirasdopara.pa.gov.br\/wp-content\/uploads\/2019\/11\/PARECER-CONTROLE-INTERNO.pdf\">PARECER CONTROLE INTERNO<\/a><\/li>\n<li><a href=\"http:\/\/www.oeirasdopara.pa.gov.br\/wp-content\/uploads\/2019\/11\/PARECER-JUR\u00cdDICO-1.pdf\">PARECER JUR\u00cdDICO<\/a><\/li>\n<li><a href=\"http:\/\/www.oeirasdopara.pa.gov.br\/wp-content\/uploads\/2019\/11\/PLANILHA-OR\u00c7AMENT\u00c1RIA-1.pdf\">PLANILHA OR\u00c7AMENT\u00c1RIA<\/a><\/li>\n<li><a href=\"http:\/\/www.oeirasdopara.pa.gov.br\/wp-content\/uploads\/2019\/11\/PLANILHA.pdf\">PLANILHA<\/a><\/li>\n<li><a href=\"http:\/\/www.oeirasdopara.pa.gov.br\/wp-content\/uploads\/2019\/11\/PROJETO-1.pdf\">PROJETO<\/a><\/li>\n<li><a href=\"http:\/\/www.oeirasdopara.pa.gov.br\/wp-content\/uploads\/2019\/11\/TERMO-DE-HOMOLOGA\u00c7\u00c3O.pdf\">TERMO DE HOMOLOGA\u00c7\u00c3O<\/a><\/li>\n<\/ul>\n","protected":false},"excerpt":{"rendered":"<p>CONTRATA\u00c7\u00c3O DE EMPRESA ESPECIALIZADA EM SERVI\u00c7OS DE ENGENHARIA, PARA A CONSTRU\u00c7\u00c3O DE UMA PASSARELA COM PISO EM CONCRETO ARMADO EM ESTRUTURA EM MADEIRA DE LEI, EXTENS\u00c3O: 406 MT. E \u00c1REA 852,6M\u00b2. ATA DAS SESS\u00d5ES DE JULGAMENTO ATA DE SESS\u00c3O ABERTURA AVISO DE ADJUDICA\u00c7\u00c3O HOMOLOGA\u00c7\u00c3O EDITAL JUSTIFICATIVA MINUTA CONTRATO PARECER CONTROLE INTERNO PARECER JUR\u00cdDICO PLANILHA OR\u00c7AMENT\u00c1RIA [&hellip;]<\/p>\n","protected":false},"author":8,"featured_media":0,"comment_status":"open","ping_status":"open","sticky":false,"template":"","format":"standard","meta":{"_seopress_robots_primary_cat":"","_seopress_titles_title":"","_seopress_titles_desc":"","_seopress_robots_index":"","footnotes":""},"categories":[69],"tags":[],"class_list":["post-2007","post","type-post","status-publish","format-standard","hentry","category-editais"],"_links":{"self":[{"href":"https:\/\/oeirasdopara.pa.gov.br\/novo\/wp-json\/wp\/v2\/posts\/2007","targetHints":{"allow":["GET"]}}],"collection":[{"href":"https:\/\/oeirasdopara.pa.gov.br\/novo\/wp-json\/wp\/v2\/posts"}],"about":[{"href":"https:\/\/oeirasdopara.pa.gov.br\/novo\/wp-json\/wp\/v2\/types\/post"}],"author":[{"embeddable":true,"href":"https:\/\/oeirasdopara.pa.gov.br\/novo\/wp-json\/wp\/v2\/users\/8"}],"replies":[{"embeddable":true,"href":"https:\/\/oeirasdopara.pa.gov.br\/novo\/wp-json\/wp\/v2\/comments?post=2007"}],"version-history":[{"count":1,"href":"https:\/\/oeirasdopara.pa.gov.br\/novo\/wp-json\/wp\/v2\/posts\/2007\/revisions"}],"predecessor-version":[{"id":2020,"href":"https:\/\/oeirasdopara.pa.gov.br\/novo\/wp-json\/wp\/v2\/posts\/2007\/revisions\/2020"}],"wp:attachment":[{"href":"https:\/\/oeirasdopara.pa.gov.br\/novo\/wp-json\/wp\/v2\/media?parent=2007"}],"wp:term":[{"taxonomy":"category","embeddable":true,"href":"https:\/\/oeirasdopara.pa.gov.br\/novo\/wp-json\/wp\/v2\/categories?post=2007"},{"taxonomy":"post_tag","embeddable":true,"href":"https:\/\/oeirasdopara.pa.gov.br\/novo\/wp-json\/wp\/v2\/tags?post=2007"}],"curies":[{"name":"wp","href":"https:\/\/api.w.org\/{rel}","templated":true}]}}