{"id":1997,"date":"2019-11-12T13:22:27","date_gmt":"2019-11-12T13:22:27","guid":{"rendered":"http:\/\/www.oeirasdopara.pa.gov.br\/?p=1997"},"modified":"2019-11-12T13:22:27","modified_gmt":"2019-11-12T13:22:27","slug":"no-do-processo-administrativo-018-2019-modalidade-tomada-de-precos","status":"publish","type":"post","link":"https:\/\/oeirasdopara.pa.gov.br\/novo\/no-do-processo-administrativo-018-2019-modalidade-tomada-de-precos\/","title":{"rendered":"N\u00ba do Processo Administrativo: 018\/2019   Modalidade: TOMADA DE PRE\u00c7OS"},"content":{"rendered":"<p class=\"title text-justify text-dark h4 text-weight-bold\">CONTRATA\u00c7\u00c3O DE EMPRESA ESPECIALIZADA EM SERVI\u00c7OS DE ENGENHARIA, PARA A CONSTRU\u00c7\u00c3O DA ESCOLA MUNICIPAL DE ENSINO FUNDAMENTAL OSWALDO CRUZ, TODA EM CONCRETO ARMADO E FECHAMENTO EM ALVENARIA, CONSTITU\u00cdDA COM 01 (UMA) SALA DE AULA, COPA, COZINHA E BANHEIRO, NA LOCALIDADE DE BONILHA, ZONA RURAL DO MUNIC\u00cdPIO DE OEIRAS DO PAR\u00c1.<\/p>\n<ul>\n<li><a href=\"http:\/\/www.oeirasdopara.pa.gov.br\/wp-content\/uploads\/2019\/11\/EDITAL-018_2019-CPL_PMOP.pdf\">EDITAL 018_2019-CPL_PMOP<\/a><\/li>\n<li><a href=\"http:\/\/www.oeirasdopara.pa.gov.br\/wp-content\/uploads\/2019\/11\/IMPUGNA\u00c7\u00c3O-PARECER-JUR\u00cdDICO-E-RESPOSTA-IMPUGNA\u00c7\u00c3O.pdf\">IMPUGNA\u00c7\u00c3O, PARECER JUR\u00cdDICO E RESPOSTA IMPUGNA\u00c7\u00c3O<\/a><\/li>\n<li><a href=\"http:\/\/www.oeirasdopara.pa.gov.br\/wp-content\/uploads\/2019\/11\/JUSTIFICATIVA.pdf\">JUSTIFICATIVA<\/a><\/li>\n<li><a href=\"http:\/\/www.oeirasdopara.pa.gov.br\/wp-content\/uploads\/2019\/11\/MINUTA-CONTRATO.pdf\">MINUTA CONTRATO<\/a><\/li>\n<li><a href=\"http:\/\/www.oeirasdopara.pa.gov.br\/wp-content\/uploads\/2019\/11\/PARECER-JUR\u00cdDICO.pdf\">PARECER JUR\u00cdDICO<\/a><\/li>\n<li><a href=\"http:\/\/www.oeirasdopara.pa.gov.br\/wp-content\/uploads\/2019\/11\/PLANILHA-OR\u00c7AMENT\u00c1RIA.pdf\">PLANILHA OR\u00c7AMENT\u00c1RIA<\/a><\/li>\n<li><a href=\"http:\/\/www.oeirasdopara.pa.gov.br\/wp-content\/uploads\/2019\/11\/PLANILHA-PESQUISA-DE-MERCADO.pdf\">PLANILHA-PESQUISA DE MERCADO<\/a><\/li>\n<li><a href=\"http:\/\/www.oeirasdopara.pa.gov.br\/wp-content\/uploads\/2019\/11\/PROJETO.pdf\">PROJETO<\/a><\/li>\n<\/ul>\n","protected":false},"excerpt":{"rendered":"<p>CONTRATA\u00c7\u00c3O DE EMPRESA ESPECIALIZADA EM SERVI\u00c7OS DE ENGENHARIA, PARA A CONSTRU\u00c7\u00c3O DA ESCOLA MUNICIPAL DE ENSINO FUNDAMENTAL OSWALDO CRUZ, TODA EM CONCRETO ARMADO E FECHAMENTO EM ALVENARIA, CONSTITU\u00cdDA COM 01 (UMA) SALA DE AULA, COPA, COZINHA E BANHEIRO, NA LOCALIDADE DE BONILHA, ZONA RURAL DO MUNIC\u00cdPIO DE OEIRAS DO PAR\u00c1. EDITAL 018_2019-CPL_PMOP IMPUGNA\u00c7\u00c3O, PARECER JUR\u00cdDICO [&hellip;]<\/p>\n","protected":false},"author":8,"featured_media":0,"comment_status":"open","ping_status":"open","sticky":false,"template":"","format":"standard","meta":{"_seopress_robots_primary_cat":"","_seopress_titles_title":"","_seopress_titles_desc":"","_seopress_robots_index":"","footnotes":""},"categories":[69],"tags":[],"class_list":["post-1997","post","type-post","status-publish","format-standard","hentry","category-editais"],"_links":{"self":[{"href":"https:\/\/oeirasdopara.pa.gov.br\/novo\/wp-json\/wp\/v2\/posts\/1997","targetHints":{"allow":["GET"]}}],"collection":[{"href":"https:\/\/oeirasdopara.pa.gov.br\/novo\/wp-json\/wp\/v2\/posts"}],"about":[{"href":"https:\/\/oeirasdopara.pa.gov.br\/novo\/wp-json\/wp\/v2\/types\/post"}],"author":[{"embeddable":true,"href":"https:\/\/oeirasdopara.pa.gov.br\/novo\/wp-json\/wp\/v2\/users\/8"}],"replies":[{"embeddable":true,"href":"https:\/\/oeirasdopara.pa.gov.br\/novo\/wp-json\/wp\/v2\/comments?post=1997"}],"version-history":[{"count":1,"href":"https:\/\/oeirasdopara.pa.gov.br\/novo\/wp-json\/wp\/v2\/posts\/1997\/revisions"}],"predecessor-version":[{"id":2006,"href":"https:\/\/oeirasdopara.pa.gov.br\/novo\/wp-json\/wp\/v2\/posts\/1997\/revisions\/2006"}],"wp:attachment":[{"href":"https:\/\/oeirasdopara.pa.gov.br\/novo\/wp-json\/wp\/v2\/media?parent=1997"}],"wp:term":[{"taxonomy":"category","embeddable":true,"href":"https:\/\/oeirasdopara.pa.gov.br\/novo\/wp-json\/wp\/v2\/categories?post=1997"},{"taxonomy":"post_tag","embeddable":true,"href":"https:\/\/oeirasdopara.pa.gov.br\/novo\/wp-json\/wp\/v2\/tags?post=1997"}],"curies":[{"name":"wp","href":"https:\/\/api.w.org\/{rel}","templated":true}]}}