{"id":1994,"date":"2019-11-11T19:38:39","date_gmt":"2019-11-11T19:38:39","guid":{"rendered":"http:\/\/www.oeirasdopara.pa.gov.br\/?p=1994"},"modified":"2020-01-14T01:21:18","modified_gmt":"2020-01-14T01:21:18","slug":"dispensa-de-licitacao-no-7-2019-00011-cpl-pmop-chamada-publica-no-001-2019-cpl-pmop","status":"publish","type":"post","link":"https:\/\/oeirasdopara.pa.gov.br\/novo\/dispensa-de-licitacao-no-7-2019-00011-cpl-pmop-chamada-publica-no-001-2019-cpl-pmop\/","title":{"rendered":"DISPENSA DE LICITA\u00c7\u00c3O N\u00ba 7\/2019-00011  \u2013 CPL\/PMOP &#8211; CHAMADA P\u00daBLICA N\u00ba 001\/2019 &#8211; CPL\/PMOP"},"content":{"rendered":"<p>OBJETO: AQUISI\u00c7\u00c3O DE G\u00caNEROS ALIMENT\u00cdCIOS DA AGRICULTURA FAMILIAR E DO EMPREENDEDOR FAMILIAR RURAL, PARA ATENDIMENTO INTEGRAL DO CARD\u00c1PIO DO PROGRAMA NACIONAL DE ALIMENTA\u00c7\u00c3O ESCOLAR \u2013 PNAE, NA REDE P\u00daBLICA DE ENSINO DE OEIRAS DO PAR\u00c1.<\/p>\n<ul>\n<li><a href=\"http:\/\/www.oeirasdopara.pa.gov.br\/wp-content\/uploads\/2019\/11\/Edital-019-2019-Chamada-P\u00fablica-Agricultura-Familiar.pdf\">Edital 019- 2019- Chamada P\u00fablica &#8211; Agricultura Familiar<\/a><\/li>\n<li><a href=\"http:\/\/www.oeirasdopara.pa.gov.br\/wp-content\/uploads\/2019\/11\/Comunicado.pdf\">Comunicado<\/a><\/li>\n<li><a href=\"http:\/\/www.oeirasdopara.pa.gov.br\/wp-content\/uploads\/2019\/11\/Edital-019-2019-Chamada-P\u00fablica-Agricultura-Familiar_republica\u00e7\u00e3o.pdf\">Edital 019- 2019- Chamada P\u00fablica &#8211; Agricultura Familiar_republica\u00e7\u00e3o<\/a><\/li>\n<\/ul>\n","protected":false},"excerpt":{"rendered":"<p>OBJETO: AQUISI\u00c7\u00c3O DE G\u00caNEROS ALIMENT\u00cdCIOS DA AGRICULTURA FAMILIAR E DO EMPREENDEDOR FAMILIAR RURAL, PARA ATENDIMENTO INTEGRAL DO CARD\u00c1PIO DO PROGRAMA NACIONAL DE ALIMENTA\u00c7\u00c3O ESCOLAR \u2013 PNAE, NA REDE P\u00daBLICA DE ENSINO DE OEIRAS DO PAR\u00c1. Edital 019- 2019- Chamada P\u00fablica &#8211; Agricultura Familiar Comunicado Edital 019- 2019- Chamada P\u00fablica &#8211; Agricultura Familiar_republica\u00e7\u00e3o<\/p>\n","protected":false},"author":8,"featured_media":0,"comment_status":"open","ping_status":"open","sticky":false,"template":"","format":"standard","meta":{"_seopress_robots_primary_cat":"","_seopress_titles_title":"","_seopress_titles_desc":"","_seopress_robots_index":"","footnotes":""},"categories":[69],"tags":[],"class_list":["post-1994","post","type-post","status-publish","format-standard","hentry","category-editais"],"_links":{"self":[{"href":"https:\/\/oeirasdopara.pa.gov.br\/novo\/wp-json\/wp\/v2\/posts\/1994","targetHints":{"allow":["GET"]}}],"collection":[{"href":"https:\/\/oeirasdopara.pa.gov.br\/novo\/wp-json\/wp\/v2\/posts"}],"about":[{"href":"https:\/\/oeirasdopara.pa.gov.br\/novo\/wp-json\/wp\/v2\/types\/post"}],"author":[{"embeddable":true,"href":"https:\/\/oeirasdopara.pa.gov.br\/novo\/wp-json\/wp\/v2\/users\/8"}],"replies":[{"embeddable":true,"href":"https:\/\/oeirasdopara.pa.gov.br\/novo\/wp-json\/wp\/v2\/comments?post=1994"}],"version-history":[{"count":4,"href":"https:\/\/oeirasdopara.pa.gov.br\/novo\/wp-json\/wp\/v2\/posts\/1994\/revisions"}],"predecessor-version":[{"id":2270,"href":"https:\/\/oeirasdopara.pa.gov.br\/novo\/wp-json\/wp\/v2\/posts\/1994\/revisions\/2270"}],"wp:attachment":[{"href":"https:\/\/oeirasdopara.pa.gov.br\/novo\/wp-json\/wp\/v2\/media?parent=1994"}],"wp:term":[{"taxonomy":"category","embeddable":true,"href":"https:\/\/oeirasdopara.pa.gov.br\/novo\/wp-json\/wp\/v2\/categories?post=1994"},{"taxonomy":"post_tag","embeddable":true,"href":"https:\/\/oeirasdopara.pa.gov.br\/novo\/wp-json\/wp\/v2\/tags?post=1994"}],"curies":[{"name":"wp","href":"https:\/\/api.w.org\/{rel}","templated":true}]}}