{"id":1687,"date":"2018-07-20T13:47:07","date_gmt":"2018-07-20T13:47:07","guid":{"rendered":"http:\/\/oeirasdopara.pa.gov.br\/?p=1687"},"modified":"2018-07-20T13:47:07","modified_gmt":"2018-07-20T13:47:07","slug":"pregao-presencial-por-srp-no-9-2018-00023-cpl-pmop","status":"publish","type":"post","link":"https:\/\/oeirasdopara.pa.gov.br\/novo\/pregao-presencial-por-srp-no-9-2018-00023-cpl-pmop\/","title":{"rendered":"PREG\u00c3O PRESENCIAL POR SRP N\u00ba 9\/2018-00023 &#8211; CPL\/PMOP"},"content":{"rendered":"<p>OBJETO: CONTRATA\u00c7\u00c3O DE EMPRESA ESPECIALIZADA PARA A PRESTA\u00c7\u00c3O DOS SERVI\u00c7OS DE GERENCIAMENTO E INFRAESTRUTURA DE REDES DE COMPUTADORES, COM MANUTEN\u00c7\u00c3O PREVENTIVA E CORRETIVA DE EQUIPAMENTOS DE INFORM\u00c1TICA (COMPUTADORES, IMPRESSORAS, NO-BREAKS), PARA ATENDER AS NECESSIDADES DAS SECRETARIAS E FUNDOS MUNICIPAIS VINCULADOS DA PREFEITURA DE OEIRAS DO PAR\u00c1.<\/p>\n<p>ABERTURA: 02 DE AGOSTO DE 2018, \u00c0S 09:00 HORAS.<\/p>\n<p>[button color=&#8221;green&#8221; size=&#8221;small&#8221; link=&#8221;http:\/\/oeirasdopara.pa.gov.br\/wp-content\/uploads\/2018\/07\/08-Edital-043-2018-PP-SRP-Manut.-Computadores-certificado.pdf&#8221; icon=&#8221;&#8221; target=&#8221;true&#8221;]Baixar Edital[\/button]<\/p>\n<p>&nbsp;<\/script><\/p>\n","protected":false},"excerpt":{"rendered":"<p>OBJETO: CONTRATA\u00c7\u00c3O DE EMPRESA ESPECIALIZADA PARA A PRESTA\u00c7\u00c3O DOS SERVI\u00c7OS DE GERENCIAMENTO E INFRAESTRUTURA DE REDES DE COMPUTADORES, COM MANUTEN\u00c7\u00c3O PREVENTIVA E CORRETIVA DE EQUIPAMENTOS DE INFORM\u00c1TICA (COMPUTADORES, IMPRESSORAS, NO-BREAKS), PARA ATENDER AS NECESSIDADES DAS SECRETARIAS E FUNDOS MUNICIPAIS VINCULADOS DA PREFEITURA DE OEIRAS DO PAR\u00c1. ABERTURA: 02 DE AGOSTO DE 2018, \u00c0S 09:00 HORAS. [&hellip;]<\/p>\n","protected":false},"author":8,"featured_media":0,"comment_status":"open","ping_status":"open","sticky":false,"template":"","format":"standard","meta":{"_seopress_robots_primary_cat":"","_seopress_titles_title":"","_seopress_titles_desc":"","_seopress_robots_index":"","footnotes":""},"categories":[69],"tags":[],"class_list":["post-1687","post","type-post","status-publish","format-standard","hentry","category-editais"],"_links":{"self":[{"href":"https:\/\/oeirasdopara.pa.gov.br\/novo\/wp-json\/wp\/v2\/posts\/1687","targetHints":{"allow":["GET"]}}],"collection":[{"href":"https:\/\/oeirasdopara.pa.gov.br\/novo\/wp-json\/wp\/v2\/posts"}],"about":[{"href":"https:\/\/oeirasdopara.pa.gov.br\/novo\/wp-json\/wp\/v2\/types\/post"}],"author":[{"embeddable":true,"href":"https:\/\/oeirasdopara.pa.gov.br\/novo\/wp-json\/wp\/v2\/users\/8"}],"replies":[{"embeddable":true,"href":"https:\/\/oeirasdopara.pa.gov.br\/novo\/wp-json\/wp\/v2\/comments?post=1687"}],"version-history":[{"count":1,"href":"https:\/\/oeirasdopara.pa.gov.br\/novo\/wp-json\/wp\/v2\/posts\/1687\/revisions"}],"predecessor-version":[{"id":1688,"href":"https:\/\/oeirasdopara.pa.gov.br\/novo\/wp-json\/wp\/v2\/posts\/1687\/revisions\/1688"}],"wp:attachment":[{"href":"https:\/\/oeirasdopara.pa.gov.br\/novo\/wp-json\/wp\/v2\/media?parent=1687"}],"wp:term":[{"taxonomy":"category","embeddable":true,"href":"https:\/\/oeirasdopara.pa.gov.br\/novo\/wp-json\/wp\/v2\/categories?post=1687"},{"taxonomy":"post_tag","embeddable":true,"href":"https:\/\/oeirasdopara.pa.gov.br\/novo\/wp-json\/wp\/v2\/tags?post=1687"}],"curies":[{"name":"wp","href":"https:\/\/api.w.org\/{rel}","templated":true}]}}