{"id":1605,"date":"2018-03-06T15:41:01","date_gmt":"2018-03-06T15:41:01","guid":{"rendered":"http:\/\/oeirasdopara.pa.gov.br\/?p=1605"},"modified":"2018-03-22T03:43:22","modified_gmt":"2018-03-22T03:43:22","slug":"pregao-presencial-por-srp-no-9-2018-00009-cpl-pmop","status":"publish","type":"post","link":"https:\/\/oeirasdopara.pa.gov.br\/novo\/pregao-presencial-por-srp-no-9-2018-00009-cpl-pmop\/","title":{"rendered":"PREG\u00c3O PRESENCIAL POR SRP N\u00ba 9\/2018-00009 &#8211; CPL\/PMOP"},"content":{"rendered":"<p>CONTRATA\u00c7\u00c3O DE EMPRESA FORNECEDORA DE G\u00caNEROS ALIMENT\u00cdCIOS PARA A MANUTEN\u00c7\u00c3O DO PROGRAMA DE ALIMENTA\u00c7\u00c3O ESCOLAR DA REDE P\u00daBLICA DE ENSINO (FUNDAMENTAL, PR\u00c9-ESCOLA, CRECHE, ENSINO M\u00c9DIO, EJA, E QUILOMBOLA), EM ATENDIMENTO \u00c0S NECESSIDADES DA SECRETARIA MUNICIPAL DE EDUCA\u00c7\u00c3O DA PREFEITURA DE OEIRAS DO PAR\u00c1.<\/p>\n<p>ABERTURA: 16 DE MAR\u00c7O DE 2018, \u00c0S 09:00 HORAS.<\/p>\n<p>[button color=&#8221;green&#8221; size=&#8221;small&#8221; link=&#8221;http:\/\/oeirasdopara.pa.gov.br\/wp-content\/uploads\/2018\/03\/Edital016-2018-PP-SRP-Merenda.pdf&#8221; icon=&#8221;&#8221; target=&#8221;true&#8221;]Baixar Edital[\/button]<\/p>\n<p>[button color=&#8221;green&#8221; size=&#8221;small&#8221; link=&#8221;http:\/\/oeirasdopara.pa.gov.br\/wp-content\/uploads\/2018\/03\/IMPUGNACAOEDITAL016-2018.pdf&#8221; icon=&#8221;&#8221; target=&#8221;true&#8221;]Pedido Impugna\u00e7\u00e3o do Edital[\/button]<\/p>\n<p>[button color=&#8221;red&#8221; size=&#8221;small&#8221; link=&#8221;http:\/\/oeirasdopara.pa.gov.br\/wp-content\/uploads\/2018\/03\/RESPOSTAIMPUGNACAODOEDITAL.pdf&#8221; icon=&#8221;&#8221; target=&#8221;true&#8221;]Resposta a Impugna\u00e7\u00e3o do Edital[\/button]<\/p>\n<p>[button color=&#8221;green&#8221; size=&#8221;small&#8221; link=&#8221;http:\/\/oeirasdopara.pa.gov.br\/wp-content\/uploads\/2018\/03\/Parecer_impugnacao.pdf&#8221; icon=&#8221;&#8221; target=&#8221;true&#8221;]Parecer Impugna\u00e7\u00e3o[\/button]<\/p>\n<p>[button color=&#8221;green&#8221; size=&#8221;small&#8221; link=&#8221;http:\/\/oeirasdopara.pa.gov.br\/wp-content\/uploads\/2018\/03\/JustificativaCancelamentoSessao-.pdf&#8221; icon=&#8221;&#8221; target=&#8221;true&#8221;]Justificativa do cancelamento da sess\u00e3o[\/button]<\/p>\n<p>&nbsp;<\/script><\/p>\n","protected":false},"excerpt":{"rendered":"<p>CONTRATA\u00c7\u00c3O DE EMPRESA FORNECEDORA DE G\u00caNEROS ALIMENT\u00cdCIOS PARA A MANUTEN\u00c7\u00c3O DO PROGRAMA DE ALIMENTA\u00c7\u00c3O ESCOLAR DA REDE P\u00daBLICA DE ENSINO (FUNDAMENTAL, PR\u00c9-ESCOLA, CRECHE, ENSINO M\u00c9DIO, EJA, E QUILOMBOLA), EM ATENDIMENTO \u00c0S NECESSIDADES DA SECRETARIA MUNICIPAL DE EDUCA\u00c7\u00c3O DA PREFEITURA DE OEIRAS DO PAR\u00c1. ABERTURA: 16 DE MAR\u00c7O DE 2018, \u00c0S 09:00 HORAS. [button color=&#8221;green&#8221; size=&#8221;small&#8221; [&hellip;]<\/p>\n","protected":false},"author":8,"featured_media":0,"comment_status":"open","ping_status":"open","sticky":false,"template":"","format":"standard","meta":{"_seopress_robots_primary_cat":"","_seopress_titles_title":"","_seopress_titles_desc":"","_seopress_robots_index":"","footnotes":""},"categories":[69],"tags":[],"class_list":["post-1605","post","type-post","status-publish","format-standard","hentry","category-editais"],"_links":{"self":[{"href":"https:\/\/oeirasdopara.pa.gov.br\/novo\/wp-json\/wp\/v2\/posts\/1605","targetHints":{"allow":["GET"]}}],"collection":[{"href":"https:\/\/oeirasdopara.pa.gov.br\/novo\/wp-json\/wp\/v2\/posts"}],"about":[{"href":"https:\/\/oeirasdopara.pa.gov.br\/novo\/wp-json\/wp\/v2\/types\/post"}],"author":[{"embeddable":true,"href":"https:\/\/oeirasdopara.pa.gov.br\/novo\/wp-json\/wp\/v2\/users\/8"}],"replies":[{"embeddable":true,"href":"https:\/\/oeirasdopara.pa.gov.br\/novo\/wp-json\/wp\/v2\/comments?post=1605"}],"version-history":[{"count":6,"href":"https:\/\/oeirasdopara.pa.gov.br\/novo\/wp-json\/wp\/v2\/posts\/1605\/revisions"}],"predecessor-version":[{"id":1621,"href":"https:\/\/oeirasdopara.pa.gov.br\/novo\/wp-json\/wp\/v2\/posts\/1605\/revisions\/1621"}],"wp:attachment":[{"href":"https:\/\/oeirasdopara.pa.gov.br\/novo\/wp-json\/wp\/v2\/media?parent=1605"}],"wp:term":[{"taxonomy":"category","embeddable":true,"href":"https:\/\/oeirasdopara.pa.gov.br\/novo\/wp-json\/wp\/v2\/categories?post=1605"},{"taxonomy":"post_tag","embeddable":true,"href":"https:\/\/oeirasdopara.pa.gov.br\/novo\/wp-json\/wp\/v2\/tags?post=1605"}],"curies":[{"name":"wp","href":"https:\/\/api.w.org\/{rel}","templated":true}]}}