{"id":1595,"date":"2018-02-26T14:49:09","date_gmt":"2018-02-26T14:49:09","guid":{"rendered":"http:\/\/oeirasdopara.pa.gov.br\/?p=1595"},"modified":"2018-02-26T14:49:09","modified_gmt":"2018-02-26T14:49:09","slug":"pregao-presencial-no-9-2018-00006-cpl-pmop","status":"publish","type":"post","link":"https:\/\/oeirasdopara.pa.gov.br\/novo\/pregao-presencial-no-9-2018-00006-cpl-pmop\/","title":{"rendered":"PREG\u00c3O PRESENCIAL N\u00ba 9\/2018-00006  &#8211; CPL\/PMOP"},"content":{"rendered":"<p>CONTRATA\u00c7\u00c3O DE EMPRESA ESPECIALIZADA EM PRESTA\u00c7\u00c3O DE SERVI\u00c7OS DE MANUTEN\u00c7\u00c3O CORRETIVA E PREVENTIVA DO SISTEMA DE ILUMINA\u00c7\u00c3O P\u00daBLICA DO MUNIC\u00cdPIO DE OEIRAS DO PAR\u00c1.<br \/>\nABERTURA: 06 DE MAR\u00c7O DE 2018, \u00c0S 09:00 HORAS.<\/p>\n<p>[button color=&#8221;green&#8221; size=&#8221;small&#8221; link=&#8221;http:\/\/oeirasdopara.pa.gov.br\/wp-content\/uploads\/2018\/02\/Edital_011_2018_Manut_Ilumina\u00e7\u00e3o_publica.pdf&#8221; icon=&#8221;&#8221; target=&#8221;true&#8221;]Baixar Edital[\/button]<\/script><\/p>\n","protected":false},"excerpt":{"rendered":"<p>CONTRATA\u00c7\u00c3O DE EMPRESA ESPECIALIZADA EM PRESTA\u00c7\u00c3O DE SERVI\u00c7OS DE MANUTEN\u00c7\u00c3O CORRETIVA E PREVENTIVA DO SISTEMA DE ILUMINA\u00c7\u00c3O P\u00daBLICA DO MUNIC\u00cdPIO DE OEIRAS DO PAR\u00c1. ABERTURA: 06 DE MAR\u00c7O DE 2018, \u00c0S 09:00 HORAS. [button color=&#8221;green&#8221; size=&#8221;small&#8221; link=&#8221;http:\/\/oeirasdopara.pa.gov.br\/wp-content\/uploads\/2018\/02\/Edital_011_2018_Manut_Ilumina\u00e7\u00e3o_publica.pdf&#8221; icon=&#8221;&#8221; target=&#8221;true&#8221;]Baixar Edital[\/button]<\/p>\n","protected":false},"author":8,"featured_media":0,"comment_status":"open","ping_status":"open","sticky":false,"template":"","format":"standard","meta":{"_seopress_robots_primary_cat":"","_seopress_titles_title":"","_seopress_titles_desc":"","_seopress_robots_index":"","footnotes":""},"categories":[69],"tags":[],"class_list":["post-1595","post","type-post","status-publish","format-standard","hentry","category-editais"],"_links":{"self":[{"href":"https:\/\/oeirasdopara.pa.gov.br\/novo\/wp-json\/wp\/v2\/posts\/1595","targetHints":{"allow":["GET"]}}],"collection":[{"href":"https:\/\/oeirasdopara.pa.gov.br\/novo\/wp-json\/wp\/v2\/posts"}],"about":[{"href":"https:\/\/oeirasdopara.pa.gov.br\/novo\/wp-json\/wp\/v2\/types\/post"}],"author":[{"embeddable":true,"href":"https:\/\/oeirasdopara.pa.gov.br\/novo\/wp-json\/wp\/v2\/users\/8"}],"replies":[{"embeddable":true,"href":"https:\/\/oeirasdopara.pa.gov.br\/novo\/wp-json\/wp\/v2\/comments?post=1595"}],"version-history":[{"count":1,"href":"https:\/\/oeirasdopara.pa.gov.br\/novo\/wp-json\/wp\/v2\/posts\/1595\/revisions"}],"predecessor-version":[{"id":1597,"href":"https:\/\/oeirasdopara.pa.gov.br\/novo\/wp-json\/wp\/v2\/posts\/1595\/revisions\/1597"}],"wp:attachment":[{"href":"https:\/\/oeirasdopara.pa.gov.br\/novo\/wp-json\/wp\/v2\/media?parent=1595"}],"wp:term":[{"taxonomy":"category","embeddable":true,"href":"https:\/\/oeirasdopara.pa.gov.br\/novo\/wp-json\/wp\/v2\/categories?post=1595"},{"taxonomy":"post_tag","embeddable":true,"href":"https:\/\/oeirasdopara.pa.gov.br\/novo\/wp-json\/wp\/v2\/tags?post=1595"}],"curies":[{"name":"wp","href":"https:\/\/api.w.org\/{rel}","templated":true}]}}