{"id":1572,"date":"2018-02-08T20:15:18","date_gmt":"2018-02-08T20:15:18","guid":{"rendered":"http:\/\/oeirasdopara.pa.gov.br\/?p=1572"},"modified":"2018-02-08T20:15:18","modified_gmt":"2018-02-08T20:15:18","slug":"cancelamento-da-sessao-do-pregao-presencial-no-9-2018-0002-cpl-pmop","status":"publish","type":"post","link":"https:\/\/oeirasdopara.pa.gov.br\/novo\/cancelamento-da-sessao-do-pregao-presencial-no-9-2018-0002-cpl-pmop\/","title":{"rendered":"CANCELAMENTO da sess\u00e3o do Preg\u00e3o Presencial n\u00ba 9\/2018 \u20130002 CPL\/PMOP"},"content":{"rendered":"<p>O pregoeiro da Prefeitura Municipal de Oeiras do Par\u00e1, torna p\u00fablico o CANCELAMENTO da sess\u00e3o do Preg\u00e3o Presencial n\u00ba 9\/2018 \u20130002 CPL\/PMOP, cujo o objeto \u00e9 CONTRATA\u00c7\u00c3O DE EMPRESA FORNECEDORA DE COMBUST\u00cdVEIS E LUBRIFICANTES DIVERSOS, EM ATENDIMENTO AS NECESSIDADES DA PREFEITURA DE OEIRAS DO PAR\u00c1, ATRAV\u00c9S DAS SECRETARIAS E FUNDOS MUNICIPAIS VINCULADOS., PREVISTA PARA O DIA 08\/01\/2018 \u00c0S 08:00 horas, em virtude da solicita\u00e7\u00e3o de revis\u00e3o do Termo de Refer\u00eancia, por parte do Secret\u00e1rio Municipal de Finan\u00e7as . Oportunamente ser\u00e1 publicada nova data para a respectiva sess\u00e3o. Luiz Martins Neto \u2013 Pregoeiro Municipal.<\/script><\/p>\n","protected":false},"excerpt":{"rendered":"<p>O pregoeiro da Prefeitura Municipal de Oeiras do Par\u00e1, torna p\u00fablico o CANCELAMENTO da sess\u00e3o do Preg\u00e3o Presencial n\u00ba 9\/2018 \u20130002 CPL\/PMOP, cujo o objeto \u00e9 CONTRATA\u00c7\u00c3O DE EMPRESA FORNECEDORA DE COMBUST\u00cdVEIS E LUBRIFICANTES DIVERSOS, EM ATENDIMENTO AS NECESSIDADES DA PREFEITURA DE OEIRAS DO PAR\u00c1, ATRAV\u00c9S DAS SECRETARIAS E FUNDOS MUNICIPAIS VINCULADOS., PREVISTA PARA O [&hellip;]<\/p>\n","protected":false},"author":8,"featured_media":0,"comment_status":"open","ping_status":"open","sticky":false,"template":"","format":"standard","meta":{"_seopress_robots_primary_cat":"","_seopress_titles_title":"","_seopress_titles_desc":"","_seopress_robots_index":"","footnotes":""},"categories":[69],"tags":[],"class_list":["post-1572","post","type-post","status-publish","format-standard","hentry","category-editais"],"_links":{"self":[{"href":"https:\/\/oeirasdopara.pa.gov.br\/novo\/wp-json\/wp\/v2\/posts\/1572","targetHints":{"allow":["GET"]}}],"collection":[{"href":"https:\/\/oeirasdopara.pa.gov.br\/novo\/wp-json\/wp\/v2\/posts"}],"about":[{"href":"https:\/\/oeirasdopara.pa.gov.br\/novo\/wp-json\/wp\/v2\/types\/post"}],"author":[{"embeddable":true,"href":"https:\/\/oeirasdopara.pa.gov.br\/novo\/wp-json\/wp\/v2\/users\/8"}],"replies":[{"embeddable":true,"href":"https:\/\/oeirasdopara.pa.gov.br\/novo\/wp-json\/wp\/v2\/comments?post=1572"}],"version-history":[{"count":1,"href":"https:\/\/oeirasdopara.pa.gov.br\/novo\/wp-json\/wp\/v2\/posts\/1572\/revisions"}],"predecessor-version":[{"id":1573,"href":"https:\/\/oeirasdopara.pa.gov.br\/novo\/wp-json\/wp\/v2\/posts\/1572\/revisions\/1573"}],"wp:attachment":[{"href":"https:\/\/oeirasdopara.pa.gov.br\/novo\/wp-json\/wp\/v2\/media?parent=1572"}],"wp:term":[{"taxonomy":"category","embeddable":true,"href":"https:\/\/oeirasdopara.pa.gov.br\/novo\/wp-json\/wp\/v2\/categories?post=1572"},{"taxonomy":"post_tag","embeddable":true,"href":"https:\/\/oeirasdopara.pa.gov.br\/novo\/wp-json\/wp\/v2\/tags?post=1572"}],"curies":[{"name":"wp","href":"https:\/\/api.w.org\/{rel}","templated":true}]}}