{"id":1569,"date":"2018-02-06T19:03:21","date_gmt":"2018-02-06T19:03:21","guid":{"rendered":"http:\/\/oeirasdopara.pa.gov.br\/?p=1569"},"modified":"2018-10-20T03:06:40","modified_gmt":"2018-10-20T03:06:40","slug":"dispensa-de-licitacao-no-7-2018-00001-cpl-pmop","status":"publish","type":"post","link":"https:\/\/oeirasdopara.pa.gov.br\/novo\/dispensa-de-licitacao-no-7-2018-00001-cpl-pmop\/","title":{"rendered":"DISPENSA DE LICITA\u00c7\u00c3O N\u00ba 7\/2018-00001 \u2013 CPL\/PMOP"},"content":{"rendered":"<p>AQUISI\u00c7\u00c3O DE G\u00caNEROS ALIMENT\u00cdCIOS DA AGRICULTURA FAMILIAR E DO EMPREENDEDOR FAMILIAR RURAL, PARA ATENDIMENTO AO PROGRAMA NACIONAL DE ALIMENTA\u00c7\u00c3O ESCOLAR\/PNAE, NA REDE P\u00daBLICA DE ENSINO DE OEIRAS DO PAR\u00c1.<\/p>\n<p>[button color=&#8221;green&#8221; size=&#8221;small&#8221; link=&#8221;http:\/\/oeirasdopara.pa.gov.br\/wp-content\/uploads\/2018\/02\/Edital010-2018-AgFamiliar.pdf&#8221; icon=&#8221;&#8221; target=&#8221;true&#8221;]Baixar Edital[\/button]<\/p>\n<p>[button color=&#8221;green&#8221; size=&#8221;small&#8221; link=&#8221;http:\/\/oeirasdopara.pa.gov.br\/wp-content\/uploads\/2018\/02\/justificativa-agricultura-familiar.pdf&#8221; icon=&#8221;&#8221; target=&#8221;true&#8221;]Justificativa[\/button]<\/p>\n<p>[button color=&#8221;green&#8221; size=&#8221;small&#8221; link=&#8221;http:\/\/oeirasdopara.pa.gov.br\/wp-content\/uploads\/2018\/02\/solicita\u00e7\u00e3o-agricultura-familiar.pdf&#8221; icon=&#8221;&#8221; target=&#8221;true&#8221;]Solicita\u00e7\u00e3o[\/button]<\/p>\n<p>[button color=&#8221;green&#8221; size=&#8221;small&#8221; link=&#8221;http:\/\/oeirasdopara.pa.gov.br\/wp-content\/uploads\/2018\/02\/ATA.pdf&#8221; icon=&#8221;&#8221; target=&#8221;true&#8221;]ATA[\/button]<\/p>\n<p>[button color=&#8221;green&#8221; size=&#8221;small&#8221; link=&#8221;http:\/\/oeirasdopara.pa.gov.br\/wp-content\/uploads\/2018\/02\/CONTRATO-20180026.pdf&#8221; icon=&#8221;&#8221; target=&#8221;true&#8221;]Contrato 20180026[\/button]<\/p>\n<p>[button color=&#8221;green&#8221; size=&#8221;small&#8221; link=&#8221;http:\/\/oeirasdopara.pa.gov.br\/wp-content\/uploads\/2018\/02\/CONTRATO-20180029.pdf&#8221; icon=&#8221;&#8221; target=&#8221;true&#8221;]Contrato 20180029[\/button]<\/p>\n<p>[button color=&#8221;green&#8221; size=&#8221;small&#8221; link=&#8221;http:\/\/oeirasdopara.pa.gov.br\/wp-content\/uploads\/2018\/02\/EXTRATO-DE-CONTRATO-20180026.pdf&#8221; icon=&#8221;&#8221; target=&#8221;true&#8221;]Extrato de Contrato 20180026[\/button]<\/p>\n<p>[button color=&#8221;green&#8221; size=&#8221;small&#8221; link=&#8221;http:\/\/oeirasdopara.pa.gov.br\/wp-content\/uploads\/2018\/02\/EXTRATO-DE-CONTRATO-20180029.pdf&#8221; icon=&#8221;&#8221; target=&#8221;true&#8221;]Extrato de Contrato 20180029[\/button]<\/p>\n<p>[button color=&#8221;green&#8221; size=&#8221;small&#8221; link=&#8221;http:\/\/oeirasdopara.pa.gov.br\/wp-content\/uploads\/2018\/02\/PARECEDR-CONTROLE-INTERNO.pdf&#8221; icon=&#8221;&#8221; target=&#8221;true&#8221;]Parecer do Controle Interno[\/button]<\/p>\n<p>[button color=&#8221;green&#8221; size=&#8221;small&#8221; link=&#8221;http:\/\/oeirasdopara.pa.gov.br\/wp-content\/uploads\/2018\/02\/PARECER-JURIDICO.pdf&#8221; icon=&#8221;&#8221; target=&#8221;true&#8221;]Parecer Jur\u00eddico[\/button]<\/p>\n<p>&nbsp;<\/script><\/p>\n","protected":false},"excerpt":{"rendered":"<p>AQUISI\u00c7\u00c3O DE G\u00caNEROS ALIMENT\u00cdCIOS DA AGRICULTURA FAMILIAR E DO EMPREENDEDOR FAMILIAR RURAL, PARA ATENDIMENTO AO PROGRAMA NACIONAL DE ALIMENTA\u00c7\u00c3O ESCOLAR\/PNAE, NA REDE P\u00daBLICA DE ENSINO DE OEIRAS DO PAR\u00c1. [button color=&#8221;green&#8221; size=&#8221;small&#8221; link=&#8221;http:\/\/oeirasdopara.pa.gov.br\/wp-content\/uploads\/2018\/02\/Edital010-2018-AgFamiliar.pdf&#8221; icon=&#8221;&#8221; target=&#8221;true&#8221;]Baixar Edital[\/button] [button color=&#8221;green&#8221; size=&#8221;small&#8221; link=&#8221;http:\/\/oeirasdopara.pa.gov.br\/wp-content\/uploads\/2018\/02\/justificativa-agricultura-familiar.pdf&#8221; icon=&#8221;&#8221; target=&#8221;true&#8221;]Justificativa[\/button] [button color=&#8221;green&#8221; size=&#8221;small&#8221; link=&#8221;http:\/\/oeirasdopara.pa.gov.br\/wp-content\/uploads\/2018\/02\/solicita\u00e7\u00e3o-agricultura-familiar.pdf&#8221; icon=&#8221;&#8221; target=&#8221;true&#8221;]Solicita\u00e7\u00e3o[\/button] [button color=&#8221;green&#8221; size=&#8221;small&#8221; link=&#8221;http:\/\/oeirasdopara.pa.gov.br\/wp-content\/uploads\/2018\/02\/ATA.pdf&#8221; icon=&#8221;&#8221; target=&#8221;true&#8221;]ATA[\/button] [button [&hellip;]<\/p>\n","protected":false},"author":8,"featured_media":0,"comment_status":"open","ping_status":"open","sticky":false,"template":"","format":"standard","meta":{"_seopress_robots_primary_cat":"","_seopress_titles_title":"","_seopress_titles_desc":"","_seopress_robots_index":"","footnotes":""},"categories":[69],"tags":[],"class_list":["post-1569","post","type-post","status-publish","format-standard","hentry","category-editais"],"_links":{"self":[{"href":"https:\/\/oeirasdopara.pa.gov.br\/novo\/wp-json\/wp\/v2\/posts\/1569","targetHints":{"allow":["GET"]}}],"collection":[{"href":"https:\/\/oeirasdopara.pa.gov.br\/novo\/wp-json\/wp\/v2\/posts"}],"about":[{"href":"https:\/\/oeirasdopara.pa.gov.br\/novo\/wp-json\/wp\/v2\/types\/post"}],"author":[{"embeddable":true,"href":"https:\/\/oeirasdopara.pa.gov.br\/novo\/wp-json\/wp\/v2\/users\/8"}],"replies":[{"embeddable":true,"href":"https:\/\/oeirasdopara.pa.gov.br\/novo\/wp-json\/wp\/v2\/comments?post=1569"}],"version-history":[{"count":4,"href":"https:\/\/oeirasdopara.pa.gov.br\/novo\/wp-json\/wp\/v2\/posts\/1569\/revisions"}],"predecessor-version":[{"id":1751,"href":"https:\/\/oeirasdopara.pa.gov.br\/novo\/wp-json\/wp\/v2\/posts\/1569\/revisions\/1751"}],"wp:attachment":[{"href":"https:\/\/oeirasdopara.pa.gov.br\/novo\/wp-json\/wp\/v2\/media?parent=1569"}],"wp:term":[{"taxonomy":"category","embeddable":true,"href":"https:\/\/oeirasdopara.pa.gov.br\/novo\/wp-json\/wp\/v2\/categories?post=1569"},{"taxonomy":"post_tag","embeddable":true,"href":"https:\/\/oeirasdopara.pa.gov.br\/novo\/wp-json\/wp\/v2\/tags?post=1569"}],"curies":[{"name":"wp","href":"https:\/\/api.w.org\/{rel}","templated":true}]}}