{"id":1559,"date":"2018-01-31T01:45:14","date_gmt":"2018-01-31T01:45:14","guid":{"rendered":"http:\/\/oeirasdopara.pa.gov.br\/?p=1559"},"modified":"2018-01-31T01:45:14","modified_gmt":"2018-01-31T01:45:14","slug":"pregao-presencial-por-srp-no-9-2018-00005-cpl-pmop","status":"publish","type":"post","link":"https:\/\/oeirasdopara.pa.gov.br\/novo\/pregao-presencial-por-srp-no-9-2018-00005-cpl-pmop\/","title":{"rendered":"PREG\u00c3O PRESENCIAL POR SRP N\u00ba 9\/2018-00005 &#8211; CPL\/PMOP"},"content":{"rendered":"<p>CONTRATA\u00c7\u00c3O DE EMPRESA ESPECIALIZADA PARA A PRESTA\u00c7\u00c3O DE SERVI\u00c7OS DE ORGANIZA\u00c7\u00c3O, PRODU\u00c7\u00c3O, PROMO\u00c7\u00c3O E REALIZA\u00c7\u00c3O EVENTOS DIVERSOS DO CALEND\u00c1RIO CULTURAL DO MUNIC\u00cdPIO DE OEIRAS DO PAR\u00c1, MEDIANTE LOCA\u00c7\u00c3O DE ESTRUTURAS, SOM, ILUMINA\u00c7\u00c3O, GERADOR DE ENERGIA, TRIO EL\u00c9TRICO, BANHEIROS QU\u00cdMICOS, SHOW PIROT\u00c9CNICO, BANDAS MUSICAIS E APRESENTA\u00c7\u00d5ES ART\u00cdSTICAS E DEMAIS ESTRUTURAS, MATERIAIS, EQUIPAMENTOS E M\u00c3O DE OBRA ESPECIALIZADA E EQUIPE DE APOIO NECESS\u00c1RIOS, ATRAV\u00c9S DA COORDENA\u00c7\u00c3O E DEMANDA DA SECRETARIA MUNICIPAL DE CULTURA.<\/p>\n<p>[button color=&#8221;green&#8221; size=&#8221;small&#8221; link=&#8221;http:\/\/oeirasdopara.pa.gov.br\/wp-content\/uploads\/2018\/01\/Edital009-2018-PP-SRP9-2018-00005-Eventos.pdf&#8221; icon=&#8221;&#8221; target=&#8221;true&#8221;]Baixar Edital[\/button]<\/script><\/p>\n","protected":false},"excerpt":{"rendered":"<p>CONTRATA\u00c7\u00c3O DE EMPRESA ESPECIALIZADA PARA A PRESTA\u00c7\u00c3O DE SERVI\u00c7OS DE ORGANIZA\u00c7\u00c3O, PRODU\u00c7\u00c3O, PROMO\u00c7\u00c3O E REALIZA\u00c7\u00c3O EVENTOS DIVERSOS DO CALEND\u00c1RIO CULTURAL DO MUNIC\u00cdPIO DE OEIRAS DO PAR\u00c1, MEDIANTE LOCA\u00c7\u00c3O DE ESTRUTURAS, SOM, ILUMINA\u00c7\u00c3O, GERADOR DE ENERGIA, TRIO EL\u00c9TRICO, BANHEIROS QU\u00cdMICOS, SHOW PIROT\u00c9CNICO, BANDAS MUSICAIS E APRESENTA\u00c7\u00d5ES ART\u00cdSTICAS E DEMAIS ESTRUTURAS, MATERIAIS, EQUIPAMENTOS E M\u00c3O DE OBRA [&hellip;]<\/p>\n","protected":false},"author":8,"featured_media":0,"comment_status":"open","ping_status":"open","sticky":false,"template":"","format":"standard","meta":{"_seopress_robots_primary_cat":"","_seopress_titles_title":"","_seopress_titles_desc":"","_seopress_robots_index":"","footnotes":""},"categories":[69],"tags":[],"class_list":["post-1559","post","type-post","status-publish","format-standard","hentry","category-editais"],"_links":{"self":[{"href":"https:\/\/oeirasdopara.pa.gov.br\/novo\/wp-json\/wp\/v2\/posts\/1559","targetHints":{"allow":["GET"]}}],"collection":[{"href":"https:\/\/oeirasdopara.pa.gov.br\/novo\/wp-json\/wp\/v2\/posts"}],"about":[{"href":"https:\/\/oeirasdopara.pa.gov.br\/novo\/wp-json\/wp\/v2\/types\/post"}],"author":[{"embeddable":true,"href":"https:\/\/oeirasdopara.pa.gov.br\/novo\/wp-json\/wp\/v2\/users\/8"}],"replies":[{"embeddable":true,"href":"https:\/\/oeirasdopara.pa.gov.br\/novo\/wp-json\/wp\/v2\/comments?post=1559"}],"version-history":[{"count":1,"href":"https:\/\/oeirasdopara.pa.gov.br\/novo\/wp-json\/wp\/v2\/posts\/1559\/revisions"}],"predecessor-version":[{"id":1561,"href":"https:\/\/oeirasdopara.pa.gov.br\/novo\/wp-json\/wp\/v2\/posts\/1559\/revisions\/1561"}],"wp:attachment":[{"href":"https:\/\/oeirasdopara.pa.gov.br\/novo\/wp-json\/wp\/v2\/media?parent=1559"}],"wp:term":[{"taxonomy":"category","embeddable":true,"href":"https:\/\/oeirasdopara.pa.gov.br\/novo\/wp-json\/wp\/v2\/categories?post=1559"},{"taxonomy":"post_tag","embeddable":true,"href":"https:\/\/oeirasdopara.pa.gov.br\/novo\/wp-json\/wp\/v2\/tags?post=1559"}],"curies":[{"name":"wp","href":"https:\/\/api.w.org\/{rel}","templated":true}]}}