{"id":11323,"date":"2024-08-29T10:10:24","date_gmt":"2024-08-29T13:10:24","guid":{"rendered":"https:\/\/oeirasdopara.pa.gov.br\/novo\/?p=11323"},"modified":"2026-04-15T16:16:53","modified_gmt":"2026-04-15T19:16:53","slug":"pregao-eletronico-srp-no-9-2024-00022","status":"publish","type":"post","link":"https:\/\/oeirasdopara.pa.gov.br\/novo\/pregao-eletronico-srp-no-9-2024-00022\/","title":{"rendered":"PREG\u00c3O ELETR\u00d4NICO SRP N\u00ba 9\/2024-00022"},"content":{"rendered":"<p>OBJETO: CONTRATA\u00c7\u00c3O DE EMPRESA ESPECIALIZADA PARA FORNECIMENTO DE PE\u00c7AS E INSUMOS PARA ILUMINA\u00c7\u00c3O P\u00daBLICA, PARA ATENDER AS NECESSIDADES DA SECRET\u00c1RIA MUNICIPAL DE INFRAESTRUTURA DO MUNICIPIO DE OEIRAS DO PAR\u00c1.<\/p>\n<ul>\n<li><a href=\"https:\/\/oeirasdopara.pa.gov.br\/novo\/wp-content\/uploads\/2024\/08\/TERMO-DE-REFERENCIA-67.pdf\">TERMO DE REFERENCIA<\/a><\/li>\n<li><a href=\"https:\/\/oeirasdopara.pa.gov.br\/novo\/wp-content\/uploads\/2024\/08\/PARECER-JURIDICO-98.pdf\">PARECER JURIDICO<\/a><\/li>\n<li><a href=\"https:\/\/oeirasdopara.pa.gov.br\/novo\/wp-content\/uploads\/2024\/08\/MAPA-COMPARATIVO-68.pdf\">MAPA COMPARATIVO<\/a><\/li>\n<li><a href=\"https:\/\/oeirasdopara.pa.gov.br\/novo\/wp-content\/uploads\/2024\/08\/PARECER-CONTROLE-INTERNO-35.pdf\">PARECER CONTROLE INTERNO <\/a><\/li>\n<li><a href=\"https:\/\/oeirasdopara.pa.gov.br\/novo\/wp-content\/uploads\/2024\/08\/ESTUDO-TECNICO-PRELIMINAR-64.pdf\">ESTUDO T\u00c9CNICO PRELIMINAR<\/a><\/li>\n<li><a href=\"https:\/\/oeirasdopara.pa.gov.br\/novo\/wp-content\/uploads\/2024\/08\/JULGAMENTO-E-ATAS-DAS-SESSOES-11.pdf\">JULGAMENTO E ATAS DAS SESS\u00d5ES<\/a><\/li>\n<li><a href=\"https:\/\/oeirasdopara.pa.gov.br\/novo\/wp-content\/uploads\/2024\/08\/EDITAL-88.pdf\">EDITAL<\/a><\/li>\n<li><a href=\"https:\/\/oeirasdopara.pa.gov.br\/novo\/wp-content\/uploads\/2024\/08\/DOCUMENTO-DE-FORMALIZACAO-74.pdf\">DOCUMENTO DE FORMALIZA\u00c7\u00c3O<\/a><\/li>\n<li><a href=\"https:\/\/oeirasdopara.pa.gov.br\/novo\/wp-content\/uploads\/2024\/08\/ATO-DE-ADJUDICACAO-E-DE-HOMOLOGACAO-14.pdf\">ATO DE ADJUDICA\u00c7\u00c3O E DE HOMOLOGA\u00c7\u00c3O <\/a><\/li>\n<\/ul>\n<p>CONTRATOS:<\/p>\n<p>EM BREVE&#8230;<\/p>\n","protected":false},"excerpt":{"rendered":"<p>OBJETO: CONTRATA\u00c7\u00c3O DE EMPRESA ESPECIALIZADA PARA FORNECIMENTO DE PE\u00c7AS E INSUMOS PARA ILUMINA\u00c7\u00c3O P\u00daBLICA, PARA ATENDER AS NECESSIDADES DA SECRET\u00c1RIA MUNICIPAL DE INFRAESTRUTURA DO MUNICIPIO DE OEIRAS DO PAR\u00c1. TERMO DE REFERENCIA PARECER JURIDICO MAPA COMPARATIVO PARECER CONTROLE INTERNO ESTUDO T\u00c9CNICO PRELIMINAR JULGAMENTO E ATAS DAS SESS\u00d5ES EDITAL DOCUMENTO DE FORMALIZA\u00c7\u00c3O ATO DE ADJUDICA\u00c7\u00c3O E [&hellip;]<\/p>\n","protected":false},"author":6,"featured_media":0,"comment_status":"closed","ping_status":"open","sticky":false,"template":"","format":"standard","meta":{"_seopress_robots_primary_cat":"none","_seopress_titles_title":"","_seopress_titles_desc":"","_seopress_robots_index":"","footnotes":""},"categories":[69],"tags":[],"class_list":["post-11323","post","type-post","status-publish","format-standard","hentry","category-editais"],"_links":{"self":[{"href":"https:\/\/oeirasdopara.pa.gov.br\/novo\/wp-json\/wp\/v2\/posts\/11323","targetHints":{"allow":["GET"]}}],"collection":[{"href":"https:\/\/oeirasdopara.pa.gov.br\/novo\/wp-json\/wp\/v2\/posts"}],"about":[{"href":"https:\/\/oeirasdopara.pa.gov.br\/novo\/wp-json\/wp\/v2\/types\/post"}],"author":[{"embeddable":true,"href":"https:\/\/oeirasdopara.pa.gov.br\/novo\/wp-json\/wp\/v2\/users\/6"}],"replies":[{"embeddable":true,"href":"https:\/\/oeirasdopara.pa.gov.br\/novo\/wp-json\/wp\/v2\/comments?post=11323"}],"version-history":[{"count":4,"href":"https:\/\/oeirasdopara.pa.gov.br\/novo\/wp-json\/wp\/v2\/posts\/11323\/revisions"}],"predecessor-version":[{"id":13859,"href":"https:\/\/oeirasdopara.pa.gov.br\/novo\/wp-json\/wp\/v2\/posts\/11323\/revisions\/13859"}],"wp:attachment":[{"href":"https:\/\/oeirasdopara.pa.gov.br\/novo\/wp-json\/wp\/v2\/media?parent=11323"}],"wp:term":[{"taxonomy":"category","embeddable":true,"href":"https:\/\/oeirasdopara.pa.gov.br\/novo\/wp-json\/wp\/v2\/categories?post=11323"},{"taxonomy":"post_tag","embeddable":true,"href":"https:\/\/oeirasdopara.pa.gov.br\/novo\/wp-json\/wp\/v2\/tags?post=11323"}],"curies":[{"name":"wp","href":"https:\/\/api.w.org\/{rel}","templated":true}]}}