{"id":11303,"date":"2024-08-29T09:47:28","date_gmt":"2024-08-29T12:47:28","guid":{"rendered":"https:\/\/oeirasdopara.pa.gov.br\/novo\/?p=11303"},"modified":"2024-08-29T09:47:28","modified_gmt":"2024-08-29T12:47:28","slug":"pregao-eletronico-srp-no-9-2024-00030","status":"publish","type":"post","link":"https:\/\/oeirasdopara.pa.gov.br\/novo\/pregao-eletronico-srp-no-9-2024-00030\/","title":{"rendered":"PREG\u00c3O ELETR\u00d4NICO SRP N\u00ba 9\/2024-00030"},"content":{"rendered":"<p>OBJETO: AQUISI\u00c7\u00c3O DE M\u00c1QUINAS AGRICULAS PARA FORMENTAR A PRODU\u00c7\u00c3O AGROPECU\u00c1RIA DO MUNICIPIO CONFORME O CONV\u00caNIO PLATAFORMA + BRASIL N\u00b0 901224\/2020 QUE ENTRE SI CELEBRAM A UNI\u00c3O POR INTERM\u00c9DIO DO MINIST\u00c9RIO DA AGRICULTURA, PECU\u00c1RIA E ABASTECIMENTO\/MAPA E MUNICIPIO DE OEIRAS DO PAR\u00c1.<\/p>\n<ul>\n<li><a href=\"https:\/\/oeirasdopara.pa.gov.br\/novo\/wp-content\/uploads\/2024\/08\/TERMO-DE-REFERENCIA-3.pdf\">TERMO DE REFERENCIA <\/a><\/li>\n<li><a href=\"https:\/\/oeirasdopara.pa.gov.br\/novo\/wp-content\/uploads\/2024\/08\/PARECER-JURIDICO-3.pdf\">PARECER JURIDICO <\/a><\/li>\n<li><a href=\"https:\/\/oeirasdopara.pa.gov.br\/novo\/wp-content\/uploads\/2024\/08\/MAPA-COMPARATIVO-3.pdf\">MAPA COMPARATIVO <\/a><\/li>\n<li><a href=\"https:\/\/oeirasdopara.pa.gov.br\/novo\/wp-content\/uploads\/2024\/08\/ESTUDO-TECNICO-PRELIMINAR-3.pdf\">ESTUDO T\u00c9CNICO PRELIMINAR <\/a><\/li>\n<li><a href=\"https:\/\/oeirasdopara.pa.gov.br\/novo\/wp-content\/uploads\/2024\/08\/EDITAL-3.pdf\">EDITAL <\/a><\/li>\n<li><a href=\"https:\/\/oeirasdopara.pa.gov.br\/novo\/wp-content\/uploads\/2024\/08\/DOCUMENTO-DE-FORMALIZACAO-3.pdf\">DOCUMENTO DE FORMALIZA\u00c7\u00c3O<\/a><\/li>\n<\/ul>\n<p>&nbsp;<\/p>\n<p>CONTRATOS:<\/p>\n<p>EM BREVE&#8230;<\/p>\n","protected":false},"excerpt":{"rendered":"<p>OBJETO: AQUISI\u00c7\u00c3O DE M\u00c1QUINAS AGRICULAS PARA FORMENTAR A PRODU\u00c7\u00c3O AGROPECU\u00c1RIA DO MUNICIPIO CONFORME O CONV\u00caNIO PLATAFORMA + BRASIL N\u00b0 901224\/2020 QUE ENTRE SI CELEBRAM A UNI\u00c3O POR INTERM\u00c9DIO DO MINIST\u00c9RIO DA AGRICULTURA, PECU\u00c1RIA E ABASTECIMENTO\/MAPA E MUNICIPIO DE OEIRAS DO PAR\u00c1. TERMO DE REFERENCIA PARECER JURIDICO MAPA COMPARATIVO ESTUDO T\u00c9CNICO PRELIMINAR EDITAL DOCUMENTO DE FORMALIZA\u00c7\u00c3O [&hellip;]<\/p>\n","protected":false},"author":6,"featured_media":0,"comment_status":"closed","ping_status":"open","sticky":false,"template":"","format":"standard","meta":{"_seopress_robots_primary_cat":"none","_seopress_titles_title":"","_seopress_titles_desc":"","_seopress_robots_index":"","footnotes":""},"categories":[69],"tags":[],"class_list":["post-11303","post","type-post","status-publish","format-standard","hentry","category-editais"],"_links":{"self":[{"href":"https:\/\/oeirasdopara.pa.gov.br\/novo\/wp-json\/wp\/v2\/posts\/11303","targetHints":{"allow":["GET"]}}],"collection":[{"href":"https:\/\/oeirasdopara.pa.gov.br\/novo\/wp-json\/wp\/v2\/posts"}],"about":[{"href":"https:\/\/oeirasdopara.pa.gov.br\/novo\/wp-json\/wp\/v2\/types\/post"}],"author":[{"embeddable":true,"href":"https:\/\/oeirasdopara.pa.gov.br\/novo\/wp-json\/wp\/v2\/users\/6"}],"replies":[{"embeddable":true,"href":"https:\/\/oeirasdopara.pa.gov.br\/novo\/wp-json\/wp\/v2\/comments?post=11303"}],"version-history":[{"count":1,"href":"https:\/\/oeirasdopara.pa.gov.br\/novo\/wp-json\/wp\/v2\/posts\/11303\/revisions"}],"predecessor-version":[{"id":11312,"href":"https:\/\/oeirasdopara.pa.gov.br\/novo\/wp-json\/wp\/v2\/posts\/11303\/revisions\/11312"}],"wp:attachment":[{"href":"https:\/\/oeirasdopara.pa.gov.br\/novo\/wp-json\/wp\/v2\/media?parent=11303"}],"wp:term":[{"taxonomy":"category","embeddable":true,"href":"https:\/\/oeirasdopara.pa.gov.br\/novo\/wp-json\/wp\/v2\/categories?post=11303"},{"taxonomy":"post_tag","embeddable":true,"href":"https:\/\/oeirasdopara.pa.gov.br\/novo\/wp-json\/wp\/v2\/tags?post=11303"}],"curies":[{"name":"wp","href":"https:\/\/api.w.org\/{rel}","templated":true}]}}